{"id":8467,"date":"2024-10-18T22:46:27","date_gmt":"2024-10-18T20:46:27","guid":{"rendered":"https:\/\/agora.xtec.cat\/ceip-agsantandreu\/?p=8467"},"modified":"2024-10-19T10:02:45","modified_gmt":"2024-10-19T08:02:45","slug":"i5-primers-dies","status":"publish","type":"post","link":"https:\/\/agora.xtec.cat\/ceip-agsantandreu\/general\/i5-primers-dies\/","title":{"rendered":"I5 &#8211; Primers dies"},"content":{"rendered":"<p>Benvolgudes fam\u00edlies,<\/p>\n<p>Ja fa uns dies que ens hem retrobat despr\u00e9s de l\u2019estiu i volem compartir amb vosaltres algunes fotografies d\u2019aquest primer mes. Hem gaudit molt jugant amb els companys i companyes, hem pintat amb pintura, retallat amb tisores i moltes altres coses m\u00e9s!<\/p>\n<p>A m\u00e9s, un dia, en arribar a l\u2019escola, vam trobar una carta dient que hi havia una pista amagada per trobar el nom de la classe. Buscant i buscant vam trobar el taur\u00f3 Bad\u00f3 i vam veure un v\u00eddeo del Telenot\u00edcies on explicava que s\u2019havia escapat de l\u2019Aqu\u00e0rium. Per ajudar-lo, ens hem convertit en bi\u00f2legs i bi\u00f2logues i investigarem com son els taurons, com neden, com respiren, com neixen, quant mesuren, qui son els seus enemics, entre d\u2019altres.<\/p>\n<p>Per veure les fotos i el v\u00eddeo cliqueu en els seg\u00fcents enlla\u00e7os:<\/p>\n<p><a href=\"https:\/\/photos.app.goo.gl\/iY7HMT1eeDtv4c7FA\" target=\"_blank\" rel=\"noopener\">FOTOS I5A<\/a><\/p>\n<p><a href=\"https:\/\/photos.app.goo.gl\/tX7GYTMrQY2Er3wN7\" target=\"_blank\" rel=\"noopener\">FOTOS I5B<\/a><\/p>\n<p><a href=\"https:\/\/youtu.be\/Uq0paZ9WuJI\" target=\"_blank\" rel=\"noopener\">V\u00cdDEO TELENOT\u00cdCIES<\/a><\/p>\n<p><img loading=\"lazy\" decoding=\"async\" class=\"alignnone wp-image-8470\" src=\"https:\/\/agora.xtec.cat\/ceip-agsantandreu\/wp-content\/uploads\/usu37\/2024\/10\/IMG_1854.jpg\" alt=\"\" width=\"743\" height=\"557\" srcset=\"https:\/\/agora.xtec.cat\/ceip-agsantandreu\/wp-content\/uploads\/usu37\/2024\/10\/IMG_1854.jpg 1024w, https:\/\/agora.xtec.cat\/ceip-agsantandreu\/wp-content\/uploads\/usu37\/2024\/10\/IMG_1854-300x225.jpg 300w, https:\/\/agora.xtec.cat\/ceip-agsantandreu\/wp-content\/uploads\/usu37\/2024\/10\/IMG_1854-768x576.jpg 768w, https:\/\/agora.xtec.cat\/ceip-agsantandreu\/wp-content\/uploads\/usu37\/2024\/10\/IMG_1854-200x150.jpg 200w\" sizes=\"auto, (max-width: 743px) 100vw, 743px\" \/><\/p>\n","protected":false},"excerpt":{"rendered":"<p>Benvolgudes fam\u00edlies,<br \/>\nJa fa uns dies que ens hem retrobat despr\u00e9s de l\u2019estiu i volem compartir amb vosaltres algunes fotografies d\u2019aquest primer mes. Hem gaudit molt jugant amb els companys i companyes, hem pintat amb pintura, retallat amb tisores i moltes altres coses m\u00e9s!<br \/>\nA m\u00e9s, un&hellip;  <a href=\"https:\/\/agora.xtec.cat\/ceip-agsantandreu\/general\/i5-primers-dies\/\" title=\"Read I5 &#8211; Primers dies\">Llegeix m\u00e9s\u00bb<\/a><\/p>\n","protected":false},"author":3,"featured_media":0,"comment_status":"open","ping_status":"closed","sticky":false,"template":"","format":"standard","meta":{"_bbp_topic_count":0,"_bbp_reply_count":0,"_bbp_total_topic_count":0,"_bbp_total_reply_count":0,"_bbp_voice_count":0,"_bbp_anonymous_reply_count":0,"_bbp_topic_count_hidden":0,"_bbp_reply_count_hidden":0,"_bbp_forum_subforum_count":0,"footnotes":""},"categories":[2,1,4],"tags":[],"class_list":["post-8467","post","type-post","status-publish","format-standard","hentry","category-petits","category-general","category-portada"],"post_mailing_queue_ids":[],"_links":{"self":[{"href":"https:\/\/agora.xtec.cat\/ceip-agsantandreu\/wp-json\/wp\/v2\/posts\/8467","targetHints":{"allow":["GET"]}}],"collection":[{"href":"https:\/\/agora.xtec.cat\/ceip-agsantandreu\/wp-json\/wp\/v2\/posts"}],"about":[{"href":"https:\/\/agora.xtec.cat\/ceip-agsantandreu\/wp-json\/wp\/v2\/types\/post"}],"author":[{"embeddable":true,"href":"https:\/\/agora.xtec.cat\/ceip-agsantandreu\/wp-json\/wp\/v2\/users\/3"}],"replies":[{"embeddable":true,"href":"https:\/\/agora.xtec.cat\/ceip-agsantandreu\/wp-json\/wp\/v2\/comments?post=8467"}],"version-history":[{"count":5,"href":"https:\/\/agora.xtec.cat\/ceip-agsantandreu\/wp-json\/wp\/v2\/posts\/8467\/revisions"}],"predecessor-version":[{"id":8474,"href":"https:\/\/agora.xtec.cat\/ceip-agsantandreu\/wp-json\/wp\/v2\/posts\/8467\/revisions\/8474"}],"wp:attachment":[{"href":"https:\/\/agora.xtec.cat\/ceip-agsantandreu\/wp-json\/wp\/v2\/media?parent=8467"}],"wp:term":[{"taxonomy":"category","embeddable":true,"href":"https:\/\/agora.xtec.cat\/ceip-agsantandreu\/wp-json\/wp\/v2\/categories?post=8467"},{"taxonomy":"post_tag","embeddable":true,"href":"https:\/\/agora.xtec.cat\/ceip-agsantandreu\/wp-json\/wp\/v2\/tags?post=8467"}],"curies":[{"name":"wp","href":"https:\/\/api.w.org\/{rel}","templated":true}]}}