{"id":8461,"date":"2024-10-09T15:46:32","date_gmt":"2024-10-09T13:46:32","guid":{"rendered":"https:\/\/agora.xtec.cat\/ceip-agsantandreu\/?p=8461"},"modified":"2024-10-17T17:06:34","modified_gmt":"2024-10-17T15:06:34","slug":"teatre-primer-cicle","status":"publish","type":"post","link":"https:\/\/agora.xtec.cat\/ceip-agsantandreu\/general\/teatre-primer-cicle\/","title":{"rendered":"Teatre Primer Cicle"},"content":{"rendered":"<p>Benvolgudes fam\u00edlies!<\/p>\n<p style=\"text-align: left;\">Avui els nens i les nenes de 1r i 2n hem anat al Teatre N\u00faria Espert a veure l&#8217;obra de teatre de &#8220;La ll\u00e0ntia meravellosa&#8221;. Hem sortit molt contents perqu\u00e8 ens ha agradat molt, ha sigut molt bonica i ens ho hem passat molt b\u00e9 perqu\u00e8 tamb\u00e9 hem pogut cantar i ballar. Quan hem sortit, ens hem fet una fotografia amb l&#8217;actor i l&#8217;actriu de l&#8217;obra. <a href=\"https:\/\/photos.app.goo.gl\/PpDt3oD7M9ZgqFFB8\" target=\"_blank\" rel=\"noopener\">Veure les fotografies.<\/a><\/p>\n<p><a href=\"https:\/\/photos.app.goo.gl\/PpDt3oD7M9ZgqFFB8\" target=\"_blank\" rel=\"noopener\"><img loading=\"lazy\" decoding=\"async\" class=\"aligncenter wp-image-8462 size-large\" src=\"https:\/\/agora.xtec.cat\/ceip-agsantandreu\/wp-content\/uploads\/usu37\/2024\/10\/IMG-20241009-WA0048-1024x768.jpg\" alt=\"\" width=\"1024\" height=\"768\" srcset=\"https:\/\/agora.xtec.cat\/ceip-agsantandreu\/wp-content\/uploads\/usu37\/2024\/10\/IMG-20241009-WA0048-1024x768.jpg 1024w, https:\/\/agora.xtec.cat\/ceip-agsantandreu\/wp-content\/uploads\/usu37\/2024\/10\/IMG-20241009-WA0048-300x225.jpg 300w, https:\/\/agora.xtec.cat\/ceip-agsantandreu\/wp-content\/uploads\/usu37\/2024\/10\/IMG-20241009-WA0048-768x576.jpg 768w, https:\/\/agora.xtec.cat\/ceip-agsantandreu\/wp-content\/uploads\/usu37\/2024\/10\/IMG-20241009-WA0048-1536x1152.jpg 1536w, https:\/\/agora.xtec.cat\/ceip-agsantandreu\/wp-content\/uploads\/usu37\/2024\/10\/IMG-20241009-WA0048-200x150.jpg 200w, https:\/\/agora.xtec.cat\/ceip-agsantandreu\/wp-content\/uploads\/usu37\/2024\/10\/IMG-20241009-WA0048.jpg 1600w\" sizes=\"auto, (max-width: 1024px) 100vw, 1024px\" \/><\/a><\/p>\n","protected":false},"excerpt":{"rendered":"<p>Benvolgudes fam\u00edlies!<br \/>\nAvui els nens i les nenes de 1r i 2n hem anat al Teatre N\u00faria Espert a veure l&#8217;obra de teatre de &#8220;La ll\u00e0ntia meravellosa&#8221;. Hem sortit molt contents perqu\u00e8 ens ha agradat molt, ha sigut molt bonica i ens ho hem passat molt&hellip;  <a href=\"https:\/\/agora.xtec.cat\/ceip-agsantandreu\/general\/teatre-primer-cicle\/\" title=\"Read Teatre Primer Cicle\">Llegeix m\u00e9s\u00bb<\/a><\/p>\n","protected":false},"author":3,"featured_media":0,"comment_status":"closed","ping_status":"closed","sticky":false,"template":"","format":"standard","meta":{"_bbp_topic_count":0,"_bbp_reply_count":0,"_bbp_total_topic_count":0,"_bbp_total_reply_count":0,"_bbp_voice_count":0,"_bbp_anonymous_reply_count":0,"_bbp_topic_count_hidden":0,"_bbp_reply_count_hidden":0,"_bbp_forum_subforum_count":0,"footnotes":""},"categories":[5,1,4],"tags":[],"class_list":["post-8461","post","type-post","status-publish","format-standard","hentry","category-mitjans","category-general","category-portada"],"post_mailing_queue_ids":[],"_links":{"self":[{"href":"https:\/\/agora.xtec.cat\/ceip-agsantandreu\/wp-json\/wp\/v2\/posts\/8461","targetHints":{"allow":["GET"]}}],"collection":[{"href":"https:\/\/agora.xtec.cat\/ceip-agsantandreu\/wp-json\/wp\/v2\/posts"}],"about":[{"href":"https:\/\/agora.xtec.cat\/ceip-agsantandreu\/wp-json\/wp\/v2\/types\/post"}],"author":[{"embeddable":true,"href":"https:\/\/agora.xtec.cat\/ceip-agsantandreu\/wp-json\/wp\/v2\/users\/3"}],"replies":[{"embeddable":true,"href":"https:\/\/agora.xtec.cat\/ceip-agsantandreu\/wp-json\/wp\/v2\/comments?post=8461"}],"version-history":[{"count":4,"href":"https:\/\/agora.xtec.cat\/ceip-agsantandreu\/wp-json\/wp\/v2\/posts\/8461\/revisions"}],"predecessor-version":[{"id":8466,"href":"https:\/\/agora.xtec.cat\/ceip-agsantandreu\/wp-json\/wp\/v2\/posts\/8461\/revisions\/8466"}],"wp:attachment":[{"href":"https:\/\/agora.xtec.cat\/ceip-agsantandreu\/wp-json\/wp\/v2\/media?parent=8461"}],"wp:term":[{"taxonomy":"category","embeddable":true,"href":"https:\/\/agora.xtec.cat\/ceip-agsantandreu\/wp-json\/wp\/v2\/categories?post=8461"},{"taxonomy":"post_tag","embeddable":true,"href":"https:\/\/agora.xtec.cat\/ceip-agsantandreu\/wp-json\/wp\/v2\/tags?post=8461"}],"curies":[{"name":"wp","href":"https:\/\/api.w.org\/{rel}","templated":true}]}}