{"id":8450,"date":"2024-09-16T17:21:59","date_gmt":"2024-09-16T15:21:59","guid":{"rendered":"https:\/\/agora.xtec.cat\/ceip-agsantandreu\/?p=8450"},"modified":"2024-09-20T14:01:46","modified_gmt":"2024-09-20T12:01:46","slug":"escola-verda-greenmera","status":"publish","type":"post","link":"https:\/\/agora.xtec.cat\/ceip-agsantandreu\/general\/escola-verda-greenmera\/","title":{"rendered":"ESCOLA VERDA &#8211; GREENMER\u00c0"},"content":{"rendered":"<p>Aquest inici de curs 24\/25 comencem amb una novetat important\u00edssima!<\/p>\n<p>L&#8217;escola \u00c0ngel Guimer\u00e0 ha aconseguit el distintiu d&#8217;escola verda!<\/p>\n<p>Un reconeixement que implica a tota la comunitat educativa del nostre centre a ser m\u00e9s respectuosos amb el nostre entorn m\u00e9s proper.<\/p>\n<p>De manera que hem d\u2019intentar reduir els residus, evitant portar tetrabriks, envasos de sucs i l\u00e0ctics, disminuint el paper d\u2019alumini fent \u00fas de la carmanyola, utilitzant una ampolla reutilitzable per beure aigua&#8230; I un munt d\u2019iniciatives que faran del nostre centre una escola m\u00e9s sostenible.<\/p>\n<p>Us convidem a que feu una ullada a les fotografies que us compartim i al v\u00eddeo que hem elaborat amb els alumnes fent clic a l&#8217;enlla\u00e7 i a la imatge de sota.<\/p>\n<p><a href=\"https:\/\/photos.app.goo.gl\/aBirBYMGxft61Tjn7\" target=\"_blank\" rel=\"noopener\">V\u00eddeo \u00c0ngel Greenmer\u00e0<\/a><\/p>\n<p><a href=\"https:\/\/photos.app.goo.gl\/P1RuYn3kho6FRHPS9\" target=\"_blank\" rel=\"noopener\"><img loading=\"lazy\" decoding=\"async\" class=\"aligncenter wp-image-8451 size-full\" src=\"https:\/\/agora.xtec.cat\/ceip-agsantandreu\/wp-content\/uploads\/usu37\/2024\/09\/GREENMERA.png\" alt=\"\" width=\"833\" height=\"463\" srcset=\"https:\/\/agora.xtec.cat\/ceip-agsantandreu\/wp-content\/uploads\/usu37\/2024\/09\/GREENMERA.png 833w, https:\/\/agora.xtec.cat\/ceip-agsantandreu\/wp-content\/uploads\/usu37\/2024\/09\/GREENMERA-300x167.png 300w, https:\/\/agora.xtec.cat\/ceip-agsantandreu\/wp-content\/uploads\/usu37\/2024\/09\/GREENMERA-768x427.png 768w\" sizes=\"auto, (max-width: 833px) 100vw, 833px\" \/><\/a><\/p>\n","protected":false},"excerpt":{"rendered":"<p>Aquest inici de curs 24\/25 comencem amb una novetat important\u00edssima!<br \/>\nL&#8217;escola \u00c0ngel Guimer\u00e0 ha aconseguit el distintiu d&#8217;escola verda!<br \/>\nUn reconeixement que implica a tota la comunitat educativa del nostre centre a ser m\u00e9s respectuosos amb el nostre entorn m\u00e9s proper.<br \/>\nDe manera que hem d\u2019intentar reduir els&hellip;  <a href=\"https:\/\/agora.xtec.cat\/ceip-agsantandreu\/general\/escola-verda-greenmera\/\" title=\"Read ESCOLA VERDA &#8211; GREENMER\u00c0\">Llegeix m\u00e9s\u00bb<\/a><\/p>\n","protected":false},"author":1,"featured_media":0,"comment_status":"closed","ping_status":"closed","sticky":false,"template":"","format":"standard","meta":{"_bbp_topic_count":0,"_bbp_reply_count":0,"_bbp_total_topic_count":0,"_bbp_total_reply_count":0,"_bbp_voice_count":0,"_bbp_anonymous_reply_count":0,"_bbp_topic_count_hidden":0,"_bbp_reply_count_hidden":0,"_bbp_forum_subforum_count":0,"footnotes":""},"categories":[1,4],"tags":[],"class_list":["post-8450","post","type-post","status-publish","format-standard","hentry","category-general","category-portada"],"post_mailing_queue_ids":[],"_links":{"self":[{"href":"https:\/\/agora.xtec.cat\/ceip-agsantandreu\/wp-json\/wp\/v2\/posts\/8450","targetHints":{"allow":["GET"]}}],"collection":[{"href":"https:\/\/agora.xtec.cat\/ceip-agsantandreu\/wp-json\/wp\/v2\/posts"}],"about":[{"href":"https:\/\/agora.xtec.cat\/ceip-agsantandreu\/wp-json\/wp\/v2\/types\/post"}],"author":[{"embeddable":true,"href":"https:\/\/agora.xtec.cat\/ceip-agsantandreu\/wp-json\/wp\/v2\/users\/1"}],"replies":[{"embeddable":true,"href":"https:\/\/agora.xtec.cat\/ceip-agsantandreu\/wp-json\/wp\/v2\/comments?post=8450"}],"version-history":[{"count":3,"href":"https:\/\/agora.xtec.cat\/ceip-agsantandreu\/wp-json\/wp\/v2\/posts\/8450\/revisions"}],"predecessor-version":[{"id":8454,"href":"https:\/\/agora.xtec.cat\/ceip-agsantandreu\/wp-json\/wp\/v2\/posts\/8450\/revisions\/8454"}],"wp:attachment":[{"href":"https:\/\/agora.xtec.cat\/ceip-agsantandreu\/wp-json\/wp\/v2\/media?parent=8450"}],"wp:term":[{"taxonomy":"category","embeddable":true,"href":"https:\/\/agora.xtec.cat\/ceip-agsantandreu\/wp-json\/wp\/v2\/categories?post=8450"},{"taxonomy":"post_tag","embeddable":true,"href":"https:\/\/agora.xtec.cat\/ceip-agsantandreu\/wp-json\/wp\/v2\/tags?post=8450"}],"curies":[{"name":"wp","href":"https:\/\/api.w.org\/{rel}","templated":true}]}}