{"id":8428,"date":"2024-06-21T14:02:28","date_gmt":"2024-06-21T12:02:28","guid":{"rendered":"https:\/\/agora.xtec.cat\/ceip-agsantandreu\/?p=8428"},"modified":"2024-06-21T14:02:29","modified_gmt":"2024-06-21T12:02:29","slug":"comiat-dels-alumnes-de-6e-curs-23-24","status":"publish","type":"post","link":"https:\/\/agora.xtec.cat\/ceip-agsantandreu\/general\/comiat-dels-alumnes-de-6e-curs-23-24\/","title":{"rendered":"COMIAT DELS ALUMNES DE 6\u00e8 CURS 23\/24"},"content":{"rendered":"<p>Arriba el final d&#8217;una etapa i \u00e9s motiu de celebraci\u00f3 ja que s\u00f3n molts els moments que hem compartit amb tots els nostres alumnes que avui diuen ad\u00e9u a l&#8217;escola.<\/p>\n<p>Ens han presentat un ball incre\u00efble, un grapat de can\u00e7ons preparades i escollides per ells.<\/p>\n<p>Hem gaudit de valent i ha estat un moment d&#8217;all\u00f2 m\u00e9s emocionant.<\/p>\n<p>Molt\u00edssimes gr\u00e0cies alumnes! L&#8217;\u00c0ngel Guimer\u00e0 ser\u00e0 sempre la vostra escola!<\/p>\n<p><a href=\"https:\/\/photos.app.goo.gl\/Nd9cmfKxBbnLGurWA\" target=\"_blank\" rel=\"noopener\"><img loading=\"lazy\" decoding=\"async\" class=\"aligncenter wp-image-8429 size-large\" src=\"https:\/\/agora.xtec.cat\/ceip-agsantandreu\/wp-content\/uploads\/usu37\/2024\/06\/WhatsApp-Image-2024-06-21-at-1.06.56-PM-12-1024x576.jpeg\" alt=\"\" width=\"1024\" height=\"576\" srcset=\"https:\/\/agora.xtec.cat\/ceip-agsantandreu\/wp-content\/uploads\/usu37\/2024\/06\/WhatsApp-Image-2024-06-21-at-1.06.56-PM-12-1024x576.jpeg 1024w, https:\/\/agora.xtec.cat\/ceip-agsantandreu\/wp-content\/uploads\/usu37\/2024\/06\/WhatsApp-Image-2024-06-21-at-1.06.56-PM-12-300x169.jpeg 300w, https:\/\/agora.xtec.cat\/ceip-agsantandreu\/wp-content\/uploads\/usu37\/2024\/06\/WhatsApp-Image-2024-06-21-at-1.06.56-PM-12-768x432.jpeg 768w, https:\/\/agora.xtec.cat\/ceip-agsantandreu\/wp-content\/uploads\/usu37\/2024\/06\/WhatsApp-Image-2024-06-21-at-1.06.56-PM-12-1536x864.jpeg 1536w, https:\/\/agora.xtec.cat\/ceip-agsantandreu\/wp-content\/uploads\/usu37\/2024\/06\/WhatsApp-Image-2024-06-21-at-1.06.56-PM-12.jpeg 1600w\" sizes=\"auto, (max-width: 1024px) 100vw, 1024px\" \/><\/a><\/p>\n<p><a href=\"https:\/\/photos.app.goo.gl\/Nd9cmfKxBbnLGurWA\" target=\"_blank\" rel=\"noopener\">Aqu\u00ed us deixem unes imatges de la celebraci\u00f3!<\/a><\/p>\n","protected":false},"excerpt":{"rendered":"<p>Arriba el final d&#8217;una etapa i \u00e9s motiu de celebraci\u00f3 ja que s\u00f3n molts els moments que hem compartit amb tots els nostres alumnes que avui diuen ad\u00e9u a l&#8217;escola.<br \/>\nEns han presentat un ball incre\u00efble, un grapat de can\u00e7ons preparades i escollides per ells.<br \/>\nHem gaudit&hellip;  <a href=\"https:\/\/agora.xtec.cat\/ceip-agsantandreu\/general\/comiat-dels-alumnes-de-6e-curs-23-24\/\" title=\"Read COMIAT DELS ALUMNES DE 6\u00e8 CURS 23\/24\">Llegeix m\u00e9s\u00bb<\/a><\/p>\n","protected":false},"author":1,"featured_media":0,"comment_status":"closed","ping_status":"closed","sticky":false,"template":"","format":"standard","meta":{"_bbp_topic_count":0,"_bbp_reply_count":0,"_bbp_total_topic_count":0,"_bbp_total_reply_count":0,"_bbp_voice_count":0,"_bbp_anonymous_reply_count":0,"_bbp_topic_count_hidden":0,"_bbp_reply_count_hidden":0,"_bbp_forum_subforum_count":0,"footnotes":""},"categories":[59,1,4],"tags":[],"class_list":["post-8428","post","type-post","status-publish","format-standard","hentry","category-grans","category-general","category-portada"],"post_mailing_queue_ids":[],"_links":{"self":[{"href":"https:\/\/agora.xtec.cat\/ceip-agsantandreu\/wp-json\/wp\/v2\/posts\/8428","targetHints":{"allow":["GET"]}}],"collection":[{"href":"https:\/\/agora.xtec.cat\/ceip-agsantandreu\/wp-json\/wp\/v2\/posts"}],"about":[{"href":"https:\/\/agora.xtec.cat\/ceip-agsantandreu\/wp-json\/wp\/v2\/types\/post"}],"author":[{"embeddable":true,"href":"https:\/\/agora.xtec.cat\/ceip-agsantandreu\/wp-json\/wp\/v2\/users\/1"}],"replies":[{"embeddable":true,"href":"https:\/\/agora.xtec.cat\/ceip-agsantandreu\/wp-json\/wp\/v2\/comments?post=8428"}],"version-history":[{"count":1,"href":"https:\/\/agora.xtec.cat\/ceip-agsantandreu\/wp-json\/wp\/v2\/posts\/8428\/revisions"}],"predecessor-version":[{"id":8430,"href":"https:\/\/agora.xtec.cat\/ceip-agsantandreu\/wp-json\/wp\/v2\/posts\/8428\/revisions\/8430"}],"wp:attachment":[{"href":"https:\/\/agora.xtec.cat\/ceip-agsantandreu\/wp-json\/wp\/v2\/media?parent=8428"}],"wp:term":[{"taxonomy":"category","embeddable":true,"href":"https:\/\/agora.xtec.cat\/ceip-agsantandreu\/wp-json\/wp\/v2\/categories?post=8428"},{"taxonomy":"post_tag","embeddable":true,"href":"https:\/\/agora.xtec.cat\/ceip-agsantandreu\/wp-json\/wp\/v2\/tags?post=8428"}],"curies":[{"name":"wp","href":"https:\/\/api.w.org\/{rel}","templated":true}]}}