{"id":8411,"date":"2024-06-19T12:08:39","date_gmt":"2024-06-19T10:08:39","guid":{"rendered":"https:\/\/agora.xtec.cat\/ceip-agsantandreu\/?p=8411"},"modified":"2024-06-19T12:09:37","modified_gmt":"2024-06-19T10:09:37","slug":"aprenem-a-ballar-sardanes","status":"publish","type":"post","link":"https:\/\/agora.xtec.cat\/ceip-agsantandreu\/general\/aprenem-a-ballar-sardanes\/","title":{"rendered":"Aprenem a ballar sardanes!"},"content":{"rendered":"<p>Ahir va ser un dia molt especial per als nens i nenes de 2n. Amb l&#8217;ajuda d&#8217;unes mares, vam tenir l&#8217;oportunitat d&#8217;aprendre a ballar sardanes!<\/p>\n<p>Tot i que al principi semblava una mica complicat, amb paci\u00e8ncia i molta pr\u00e0ctica, vam comen\u00e7ar a coordinar-nos millor. Les mares ens guiaven amb un somriure i ens animaven a seguir intentant-ho. L&#8217;ambient estava ple d&#8217;alegria i diversi\u00f3!<\/p>\n<p>Va ser una bonica experi\u00e8ncia que ens va ajudar a con\u00e8ixer millor les nostres tradicions i a treballar en equip.<\/p>\n<p>Des d&#8217;aqu\u00ed, volem donar les gr\u00e0cies a les fam\u00edlies que ens van dedicar el seu temps. Sense vosaltres, no hauria estat possible!<\/p>\n<p><a href=\"https:\/\/agora.xtec.cat\/ceip-agsantandreu\/wp-content\/uploads\/usu37\/2024\/06\/WhatsApp-Image-2024-06-19-at-11.49.29-1.jpeg\"><img loading=\"lazy\" decoding=\"async\" class=\"size-medium wp-image-8412 aligncenter\" src=\"https:\/\/agora.xtec.cat\/ceip-agsantandreu\/wp-content\/uploads\/usu37\/2024\/06\/WhatsApp-Image-2024-06-19-at-11.49.29-1-300x225.jpeg\" alt=\"\" width=\"300\" height=\"225\" srcset=\"https:\/\/agora.xtec.cat\/ceip-agsantandreu\/wp-content\/uploads\/usu37\/2024\/06\/WhatsApp-Image-2024-06-19-at-11.49.29-1-300x225.jpeg 300w, https:\/\/agora.xtec.cat\/ceip-agsantandreu\/wp-content\/uploads\/usu37\/2024\/06\/WhatsApp-Image-2024-06-19-at-11.49.29-1-1024x768.jpeg 1024w, https:\/\/agora.xtec.cat\/ceip-agsantandreu\/wp-content\/uploads\/usu37\/2024\/06\/WhatsApp-Image-2024-06-19-at-11.49.29-1-768x576.jpeg 768w, https:\/\/agora.xtec.cat\/ceip-agsantandreu\/wp-content\/uploads\/usu37\/2024\/06\/WhatsApp-Image-2024-06-19-at-11.49.29-1-1536x1152.jpeg 1536w, https:\/\/agora.xtec.cat\/ceip-agsantandreu\/wp-content\/uploads\/usu37\/2024\/06\/WhatsApp-Image-2024-06-19-at-11.49.29-1-200x150.jpeg 200w, https:\/\/agora.xtec.cat\/ceip-agsantandreu\/wp-content\/uploads\/usu37\/2024\/06\/WhatsApp-Image-2024-06-19-at-11.49.29-1.jpeg 1600w\" sizes=\"auto, (max-width: 300px) 100vw, 300px\" \/><\/a><\/p>\n<p><a href=\"https:\/\/photos.app.goo.gl\/cNREmiEfHUfbjYjg7\">Imatges<\/a><\/p>\n","protected":false},"excerpt":{"rendered":"<p>Ahir va ser un dia molt especial per als nens i nenes de 2n. Amb l&#8217;ajuda d&#8217;unes mares, vam tenir l&#8217;oportunitat d&#8217;aprendre a ballar sardanes!<br \/>\nTot i que al principi semblava una mica complicat, amb paci\u00e8ncia i molta pr\u00e0ctica, vam comen\u00e7ar a coordinar-nos millor. Les mares&hellip;  <a href=\"https:\/\/agora.xtec.cat\/ceip-agsantandreu\/general\/aprenem-a-ballar-sardanes\/\" title=\"Read Aprenem a ballar sardanes!\">Llegeix m\u00e9s\u00bb<\/a><\/p>\n","protected":false},"author":3,"featured_media":0,"comment_status":"open","ping_status":"closed","sticky":false,"template":"","format":"standard","meta":{"_bbp_topic_count":0,"_bbp_reply_count":0,"_bbp_total_topic_count":0,"_bbp_total_reply_count":0,"_bbp_voice_count":0,"_bbp_anonymous_reply_count":0,"_bbp_topic_count_hidden":0,"_bbp_reply_count_hidden":0,"_bbp_forum_subforum_count":0,"footnotes":""},"categories":[1],"tags":[],"class_list":["post-8411","post","type-post","status-publish","format-standard","hentry","category-general"],"post_mailing_queue_ids":[],"_links":{"self":[{"href":"https:\/\/agora.xtec.cat\/ceip-agsantandreu\/wp-json\/wp\/v2\/posts\/8411","targetHints":{"allow":["GET"]}}],"collection":[{"href":"https:\/\/agora.xtec.cat\/ceip-agsantandreu\/wp-json\/wp\/v2\/posts"}],"about":[{"href":"https:\/\/agora.xtec.cat\/ceip-agsantandreu\/wp-json\/wp\/v2\/types\/post"}],"author":[{"embeddable":true,"href":"https:\/\/agora.xtec.cat\/ceip-agsantandreu\/wp-json\/wp\/v2\/users\/3"}],"replies":[{"embeddable":true,"href":"https:\/\/agora.xtec.cat\/ceip-agsantandreu\/wp-json\/wp\/v2\/comments?post=8411"}],"version-history":[{"count":2,"href":"https:\/\/agora.xtec.cat\/ceip-agsantandreu\/wp-json\/wp\/v2\/posts\/8411\/revisions"}],"predecessor-version":[{"id":8414,"href":"https:\/\/agora.xtec.cat\/ceip-agsantandreu\/wp-json\/wp\/v2\/posts\/8411\/revisions\/8414"}],"wp:attachment":[{"href":"https:\/\/agora.xtec.cat\/ceip-agsantandreu\/wp-json\/wp\/v2\/media?parent=8411"}],"wp:term":[{"taxonomy":"category","embeddable":true,"href":"https:\/\/agora.xtec.cat\/ceip-agsantandreu\/wp-json\/wp\/v2\/categories?post=8411"},{"taxonomy":"post_tag","embeddable":true,"href":"https:\/\/agora.xtec.cat\/ceip-agsantandreu\/wp-json\/wp\/v2\/tags?post=8411"}],"curies":[{"name":"wp","href":"https:\/\/api.w.org\/{rel}","templated":true}]}}