{"id":8349,"date":"2024-05-28T14:39:40","date_gmt":"2024-05-28T12:39:40","guid":{"rendered":"https:\/\/agora.xtec.cat\/ceip-agsantandreu\/?p=8349"},"modified":"2024-05-29T14:42:53","modified_gmt":"2024-05-29T12:42:53","slug":"excursio-a-can-puig","status":"publish","type":"post","link":"https:\/\/agora.xtec.cat\/ceip-agsantandreu\/general\/excursio-a-can-puig\/","title":{"rendered":"Excursi\u00f3 a Can Puig"},"content":{"rendered":"<p>Aquest passat dilluns, els nens i nenes de segon vam anar d&#8217;excursi\u00f3 a Can Puig per passar un dia ple d&#8217;activitats l\u00fadiques envoltats de natura. Vam participar en diversos jocs a l&#8217;aire lliure que ens van permetre treballar en equip i divertir-nos amb els companys i companyes. L&#8217;excursi\u00f3 va ser una experi\u00e8ncia molt enriquidora i plena de diversi\u00f3 que segur que recordarem durant molt de temps!!<\/p>\n<p><a href=\"https:\/\/agora.xtec.cat\/ceip-agsantandreu\/wp-content\/uploads\/usu37\/2024\/05\/WhatsApp-Image-2024-05-27-at-15.33.15.jpeg\"><img loading=\"lazy\" decoding=\"async\" class=\"size-medium wp-image-8352 aligncenter\" src=\"https:\/\/agora.xtec.cat\/ceip-agsantandreu\/wp-content\/uploads\/usu37\/2024\/05\/WhatsApp-Image-2024-05-27-at-15.33.15-300x225.jpeg\" alt=\"\" width=\"300\" height=\"225\" srcset=\"https:\/\/agora.xtec.cat\/ceip-agsantandreu\/wp-content\/uploads\/usu37\/2024\/05\/WhatsApp-Image-2024-05-27-at-15.33.15-300x225.jpeg 300w, https:\/\/agora.xtec.cat\/ceip-agsantandreu\/wp-content\/uploads\/usu37\/2024\/05\/WhatsApp-Image-2024-05-27-at-15.33.15-1024x768.jpeg 1024w, https:\/\/agora.xtec.cat\/ceip-agsantandreu\/wp-content\/uploads\/usu37\/2024\/05\/WhatsApp-Image-2024-05-27-at-15.33.15-768x576.jpeg 768w, https:\/\/agora.xtec.cat\/ceip-agsantandreu\/wp-content\/uploads\/usu37\/2024\/05\/WhatsApp-Image-2024-05-27-at-15.33.15-1536x1152.jpeg 1536w, https:\/\/agora.xtec.cat\/ceip-agsantandreu\/wp-content\/uploads\/usu37\/2024\/05\/WhatsApp-Image-2024-05-27-at-15.33.15-200x150.jpeg 200w, https:\/\/agora.xtec.cat\/ceip-agsantandreu\/wp-content\/uploads\/usu37\/2024\/05\/WhatsApp-Image-2024-05-27-at-15.33.15.jpeg 2048w\" sizes=\"auto, (max-width: 300px) 100vw, 300px\" \/><\/a><\/p>\n<p><a href=\"https:\/\/photos.app.goo.gl\/XSMb7dSkj2QxB97V8\">Imatges\u00a0<\/a><\/p>\n","protected":false},"excerpt":{"rendered":"<p>Aquest passat dilluns, els nens i nenes de segon vam anar d&#8217;excursi\u00f3 a Can Puig per passar un dia ple d&#8217;activitats l\u00fadiques envoltats de natura. Vam participar en diversos jocs a l&#8217;aire lliure que ens van permetre treballar en equip i divertir-nos amb els companys&hellip;  <a href=\"https:\/\/agora.xtec.cat\/ceip-agsantandreu\/general\/excursio-a-can-puig\/\" title=\"Read Excursi\u00f3 a Can Puig\">Llegeix m\u00e9s\u00bb<\/a><\/p>\n","protected":false},"author":3,"featured_media":0,"comment_status":"closed","ping_status":"closed","sticky":false,"template":"","format":"standard","meta":{"_bbp_topic_count":0,"_bbp_reply_count":0,"_bbp_total_topic_count":0,"_bbp_total_reply_count":0,"_bbp_voice_count":0,"_bbp_anonymous_reply_count":0,"_bbp_topic_count_hidden":0,"_bbp_reply_count_hidden":0,"_bbp_forum_subforum_count":0,"footnotes":""},"categories":[5,1,4],"tags":[],"class_list":["post-8349","post","type-post","status-publish","format-standard","hentry","category-mitjans","category-general","category-portada"],"post_mailing_queue_ids":[],"_links":{"self":[{"href":"https:\/\/agora.xtec.cat\/ceip-agsantandreu\/wp-json\/wp\/v2\/posts\/8349","targetHints":{"allow":["GET"]}}],"collection":[{"href":"https:\/\/agora.xtec.cat\/ceip-agsantandreu\/wp-json\/wp\/v2\/posts"}],"about":[{"href":"https:\/\/agora.xtec.cat\/ceip-agsantandreu\/wp-json\/wp\/v2\/types\/post"}],"author":[{"embeddable":true,"href":"https:\/\/agora.xtec.cat\/ceip-agsantandreu\/wp-json\/wp\/v2\/users\/3"}],"replies":[{"embeddable":true,"href":"https:\/\/agora.xtec.cat\/ceip-agsantandreu\/wp-json\/wp\/v2\/comments?post=8349"}],"version-history":[{"count":2,"href":"https:\/\/agora.xtec.cat\/ceip-agsantandreu\/wp-json\/wp\/v2\/posts\/8349\/revisions"}],"predecessor-version":[{"id":8353,"href":"https:\/\/agora.xtec.cat\/ceip-agsantandreu\/wp-json\/wp\/v2\/posts\/8349\/revisions\/8353"}],"wp:attachment":[{"href":"https:\/\/agora.xtec.cat\/ceip-agsantandreu\/wp-json\/wp\/v2\/media?parent=8349"}],"wp:term":[{"taxonomy":"category","embeddable":true,"href":"https:\/\/agora.xtec.cat\/ceip-agsantandreu\/wp-json\/wp\/v2\/categories?post=8349"},{"taxonomy":"post_tag","embeddable":true,"href":"https:\/\/agora.xtec.cat\/ceip-agsantandreu\/wp-json\/wp\/v2\/tags?post=8349"}],"curies":[{"name":"wp","href":"https:\/\/api.w.org\/{rel}","templated":true}]}}