{"id":8333,"date":"2024-05-21T15:51:24","date_gmt":"2024-05-21T13:51:24","guid":{"rendered":"https:\/\/agora.xtec.cat\/ceip-agsantandreu\/?p=8333"},"modified":"2024-05-21T15:51:24","modified_gmt":"2024-05-21T13:51:24","slug":"1r-sortida-a-can-pou","status":"publish","type":"post","link":"https:\/\/agora.xtec.cat\/ceip-agsantandreu\/general\/1r-sortida-a-can-pou\/","title":{"rendered":"1r &#8211; Sortida a Can Pou"},"content":{"rendered":"<p>Hola fam\u00edlies!<\/p>\n<p>Els nens i les nenes de 1r hem anat a la Masia Can Pou. All\u00e0 hem gaudit de la natura, hem fet itineraris pel bosc fent servir la br\u00faixola i el mapa, hem fet cabanes amb pals de fusta i hem visitat la cabana del gegant. Despr\u00e8s de dinar hem anat a la granja on hem vist conills, cabres i cavalls.<\/p>\n<p>Ens ho hem passat d&#8217;all\u00f2 m\u00e9s b\u00e9!!<\/p>\n<p style=\"text-align: center\"><a href=\"https:\/\/photos.app.goo.gl\/N36WRdk2C3Getu716\" target=\"_blank\" rel=\"noopener\">Fotografies<\/a><a href=\"https:\/\/photos.app.goo.gl\/N36WRdk2C3Getu716\"><img loading=\"lazy\" decoding=\"async\" class=\" wp-image-8334 aligncenter\" src=\"https:\/\/agora.xtec.cat\/ceip-agsantandreu\/wp-content\/uploads\/usu37\/2024\/05\/WhatsApp-Image-2024-05-21-at-15.13.10-6-225x300.jpeg\" alt=\"\" width=\"197\" height=\"263\" srcset=\"https:\/\/agora.xtec.cat\/ceip-agsantandreu\/wp-content\/uploads\/usu37\/2024\/05\/WhatsApp-Image-2024-05-21-at-15.13.10-6-225x300.jpeg 225w, https:\/\/agora.xtec.cat\/ceip-agsantandreu\/wp-content\/uploads\/usu37\/2024\/05\/WhatsApp-Image-2024-05-21-at-15.13.10-6-768x1024.jpeg 768w, https:\/\/agora.xtec.cat\/ceip-agsantandreu\/wp-content\/uploads\/usu37\/2024\/05\/WhatsApp-Image-2024-05-21-at-15.13.10-6-1152x1536.jpeg 1152w, https:\/\/agora.xtec.cat\/ceip-agsantandreu\/wp-content\/uploads\/usu37\/2024\/05\/WhatsApp-Image-2024-05-21-at-15.13.10-6.jpeg 1536w\" sizes=\"auto, (max-width: 197px) 100vw, 197px\" \/><\/a><\/p>\n","protected":false},"excerpt":{"rendered":"<p>Hola fam\u00edlies!<br \/>\nEls nens i les nenes de 1r hem anat a la Masia Can Pou. All\u00e0 hem gaudit de la natura, hem fet itineraris pel bosc fent servir la br\u00faixola i el mapa, hem fet cabanes amb pals de fusta i hem visitat la cabana&hellip;  <a href=\"https:\/\/agora.xtec.cat\/ceip-agsantandreu\/general\/1r-sortida-a-can-pou\/\" title=\"Read 1r &#8211; Sortida a Can Pou\">Llegeix m\u00e9s\u00bb<\/a><\/p>\n","protected":false},"author":3,"featured_media":0,"comment_status":"closed","ping_status":"closed","sticky":false,"template":"","format":"standard","meta":{"_bbp_topic_count":0,"_bbp_reply_count":0,"_bbp_total_topic_count":0,"_bbp_total_reply_count":0,"_bbp_voice_count":0,"_bbp_anonymous_reply_count":0,"_bbp_topic_count_hidden":0,"_bbp_reply_count_hidden":0,"_bbp_forum_subforum_count":0,"footnotes":""},"categories":[5,1,4],"tags":[],"class_list":["post-8333","post","type-post","status-publish","format-standard","hentry","category-mitjans","category-general","category-portada"],"post_mailing_queue_ids":[],"_links":{"self":[{"href":"https:\/\/agora.xtec.cat\/ceip-agsantandreu\/wp-json\/wp\/v2\/posts\/8333","targetHints":{"allow":["GET"]}}],"collection":[{"href":"https:\/\/agora.xtec.cat\/ceip-agsantandreu\/wp-json\/wp\/v2\/posts"}],"about":[{"href":"https:\/\/agora.xtec.cat\/ceip-agsantandreu\/wp-json\/wp\/v2\/types\/post"}],"author":[{"embeddable":true,"href":"https:\/\/agora.xtec.cat\/ceip-agsantandreu\/wp-json\/wp\/v2\/users\/3"}],"replies":[{"embeddable":true,"href":"https:\/\/agora.xtec.cat\/ceip-agsantandreu\/wp-json\/wp\/v2\/comments?post=8333"}],"version-history":[{"count":1,"href":"https:\/\/agora.xtec.cat\/ceip-agsantandreu\/wp-json\/wp\/v2\/posts\/8333\/revisions"}],"predecessor-version":[{"id":8335,"href":"https:\/\/agora.xtec.cat\/ceip-agsantandreu\/wp-json\/wp\/v2\/posts\/8333\/revisions\/8335"}],"wp:attachment":[{"href":"https:\/\/agora.xtec.cat\/ceip-agsantandreu\/wp-json\/wp\/v2\/media?parent=8333"}],"wp:term":[{"taxonomy":"category","embeddable":true,"href":"https:\/\/agora.xtec.cat\/ceip-agsantandreu\/wp-json\/wp\/v2\/categories?post=8333"},{"taxonomy":"post_tag","embeddable":true,"href":"https:\/\/agora.xtec.cat\/ceip-agsantandreu\/wp-json\/wp\/v2\/tags?post=8333"}],"curies":[{"name":"wp","href":"https:\/\/api.w.org\/{rel}","templated":true}]}}