{"id":8292,"date":"2024-05-09T11:21:11","date_gmt":"2024-05-09T09:21:11","guid":{"rendered":"https:\/\/agora.xtec.cat\/ceip-agsantandreu\/?p=8292"},"modified":"2024-05-09T11:21:11","modified_gmt":"2024-05-09T09:21:11","slug":"sortida-al-pi-tallat-4t","status":"publish","type":"post","link":"https:\/\/agora.xtec.cat\/ceip-agsantandreu\/general\/sortida-al-pi-tallat-4t\/","title":{"rendered":"Sortida al Pi tallat 4t"},"content":{"rendered":"<p>Els nens i nenes de 4t hem gaudit d&#8217;un meravell\u00f3s dia a la muntanya pujant al Pi tallat. Junts, hem desenvolupat la nostra creativitat i imaginaci\u00f3 fent construccions amb elements naturals. Alhora, hem treballat el respecte i la consci\u00e8ncia pel medi i el nostre entorn, fent una recollida de la brossa que ens hem trobat pel cam\u00ed. I ens ho hem passat molt i molt b\u00e9 jugant amb un\u00a0<span class=\"hiddenSpellError\">slackline<\/span>.<\/p>\n<p><a href=\"https:\/\/agora.xtec.cat\/ceip-agsantandreu\/wp-content\/uploads\/usu37\/2024\/05\/IMG-20240503-WA0011.jpg\"><img loading=\"lazy\" decoding=\"async\" class=\"alignnone size-medium wp-image-8293\" src=\"https:\/\/agora.xtec.cat\/ceip-agsantandreu\/wp-content\/uploads\/usu37\/2024\/05\/IMG-20240503-WA0011-300x300.jpg\" alt=\"\" width=\"300\" height=\"300\" srcset=\"https:\/\/agora.xtec.cat\/ceip-agsantandreu\/wp-content\/uploads\/usu37\/2024\/05\/IMG-20240503-WA0011-300x300.jpg 300w, https:\/\/agora.xtec.cat\/ceip-agsantandreu\/wp-content\/uploads\/usu37\/2024\/05\/IMG-20240503-WA0011-1024x1024.jpg 1024w, https:\/\/agora.xtec.cat\/ceip-agsantandreu\/wp-content\/uploads\/usu37\/2024\/05\/IMG-20240503-WA0011-150x150.jpg 150w, https:\/\/agora.xtec.cat\/ceip-agsantandreu\/wp-content\/uploads\/usu37\/2024\/05\/IMG-20240503-WA0011-768x768.jpg 768w, https:\/\/agora.xtec.cat\/ceip-agsantandreu\/wp-content\/uploads\/usu37\/2024\/05\/IMG-20240503-WA0011.jpg 1500w\" sizes=\"auto, (max-width: 300px) 100vw, 300px\" \/><\/a><\/p>\n<p style=\"text-align: center\"><a href=\"https:\/\/photos.app.goo.gl\/tBxDRi4VuXiC3mFNA\">FOTOGRAFIES<\/a><\/p>\n","protected":false},"excerpt":{"rendered":"<p>Els nens i nenes de 4t hem gaudit d&#8217;un meravell\u00f3s dia a la muntanya pujant al Pi tallat. Junts, hem desenvolupat la nostra creativitat i imaginaci\u00f3 fent construccions amb elements naturals. Alhora, hem treballat el respecte i la consci\u00e8ncia pel medi i el nostre entorn,&hellip;  <a href=\"https:\/\/agora.xtec.cat\/ceip-agsantandreu\/general\/sortida-al-pi-tallat-4t\/\" title=\"Read Sortida al Pi tallat 4t\">Llegeix m\u00e9s\u00bb<\/a><\/p>\n","protected":false},"author":3,"featured_media":0,"comment_status":"open","ping_status":"closed","sticky":false,"template":"","format":"standard","meta":{"_bbp_topic_count":0,"_bbp_reply_count":0,"_bbp_total_topic_count":0,"_bbp_total_reply_count":0,"_bbp_voice_count":0,"_bbp_anonymous_reply_count":0,"_bbp_topic_count_hidden":0,"_bbp_reply_count_hidden":0,"_bbp_forum_subforum_count":0,"footnotes":""},"categories":[1],"tags":[],"class_list":["post-8292","post","type-post","status-publish","format-standard","hentry","category-general"],"post_mailing_queue_ids":[],"_links":{"self":[{"href":"https:\/\/agora.xtec.cat\/ceip-agsantandreu\/wp-json\/wp\/v2\/posts\/8292","targetHints":{"allow":["GET"]}}],"collection":[{"href":"https:\/\/agora.xtec.cat\/ceip-agsantandreu\/wp-json\/wp\/v2\/posts"}],"about":[{"href":"https:\/\/agora.xtec.cat\/ceip-agsantandreu\/wp-json\/wp\/v2\/types\/post"}],"author":[{"embeddable":true,"href":"https:\/\/agora.xtec.cat\/ceip-agsantandreu\/wp-json\/wp\/v2\/users\/3"}],"replies":[{"embeddable":true,"href":"https:\/\/agora.xtec.cat\/ceip-agsantandreu\/wp-json\/wp\/v2\/comments?post=8292"}],"version-history":[{"count":1,"href":"https:\/\/agora.xtec.cat\/ceip-agsantandreu\/wp-json\/wp\/v2\/posts\/8292\/revisions"}],"predecessor-version":[{"id":8294,"href":"https:\/\/agora.xtec.cat\/ceip-agsantandreu\/wp-json\/wp\/v2\/posts\/8292\/revisions\/8294"}],"wp:attachment":[{"href":"https:\/\/agora.xtec.cat\/ceip-agsantandreu\/wp-json\/wp\/v2\/media?parent=8292"}],"wp:term":[{"taxonomy":"category","embeddable":true,"href":"https:\/\/agora.xtec.cat\/ceip-agsantandreu\/wp-json\/wp\/v2\/categories?post=8292"},{"taxonomy":"post_tag","embeddable":true,"href":"https:\/\/agora.xtec.cat\/ceip-agsantandreu\/wp-json\/wp\/v2\/tags?post=8292"}],"curies":[{"name":"wp","href":"https:\/\/api.w.org\/{rel}","templated":true}]}}