{"id":8289,"date":"2024-05-09T09:53:05","date_gmt":"2024-05-09T07:53:05","guid":{"rendered":"https:\/\/agora.xtec.cat\/ceip-agsantandreu\/?p=8289"},"modified":"2024-05-13T11:38:39","modified_gmt":"2024-05-13T09:38:39","slug":"setmana-sense-fum-6e","status":"publish","type":"post","link":"https:\/\/agora.xtec.cat\/ceip-agsantandreu\/general\/setmana-sense-fum-6e\/","title":{"rendered":"Setmana Sense Fum 6\u00e8"},"content":{"rendered":"<p>Aquesta setmana han vingut professionals del CAP de Sant Andreu de la Barca a fer una activitat sobre el tabaquisme i les seves conseq\u00fc\u00e8ncies en l&#8217;esport i l&#8217;activitat f\u00edsica.<\/p>\n<p><a href=\"https:\/\/agora.xtec.cat\/ceip-agsantandreu\/wp-content\/uploads\/usu37\/2024\/05\/WhatsApp-Image-2024-05-09-at-09.41.55-3.jpeg\"><img loading=\"lazy\" decoding=\"async\" class=\"alignnone size-medium wp-image-8290\" src=\"https:\/\/agora.xtec.cat\/ceip-agsantandreu\/wp-content\/uploads\/usu37\/2024\/05\/WhatsApp-Image-2024-05-09-at-09.41.55-3-300x169.jpeg\" alt=\"\" width=\"300\" height=\"169\" srcset=\"https:\/\/agora.xtec.cat\/ceip-agsantandreu\/wp-content\/uploads\/usu37\/2024\/05\/WhatsApp-Image-2024-05-09-at-09.41.55-3-300x169.jpeg 300w, https:\/\/agora.xtec.cat\/ceip-agsantandreu\/wp-content\/uploads\/usu37\/2024\/05\/WhatsApp-Image-2024-05-09-at-09.41.55-3-1024x576.jpeg 1024w, https:\/\/agora.xtec.cat\/ceip-agsantandreu\/wp-content\/uploads\/usu37\/2024\/05\/WhatsApp-Image-2024-05-09-at-09.41.55-3-768x432.jpeg 768w, https:\/\/agora.xtec.cat\/ceip-agsantandreu\/wp-content\/uploads\/usu37\/2024\/05\/WhatsApp-Image-2024-05-09-at-09.41.55-3-1536x864.jpeg 1536w, https:\/\/agora.xtec.cat\/ceip-agsantandreu\/wp-content\/uploads\/usu37\/2024\/05\/WhatsApp-Image-2024-05-09-at-09.41.55-3.jpeg 1600w\" sizes=\"auto, (max-width: 300px) 100vw, 300px\" \/><\/a><\/p>\n<p>A l&#8217;enlla\u00e7 teniu un petit recull de fotos.<\/p>\n<p><a href=\"https:\/\/photos.app.goo.gl\/hiNmTHQnfeRPBT1d6\">FOTOS<\/a><\/p>\n<p>Gr\u00e0cies a les 2 infermeres i el fisioterapeuta per aquesta sessi\u00f3 tant interessant!<\/p>\n","protected":false},"excerpt":{"rendered":"<p>Aquesta setmana han vingut professionals del CAP de Sant Andreu de la Barca a fer una activitat sobre el tabaquisme i les seves conseq\u00fc\u00e8ncies en l&#8217;esport i l&#8217;activitat f\u00edsica.<br \/>\n<a href=\"https:\/\/agora.xtec.cat\/ceip-agsantandreu\/wp-content\/uploads\/usu37\/2024\/05\/WhatsApp-Image-2024-05-09-at-09.41.55-3.jpeg\"><\/a><br \/>\nA l&#8217;enlla\u00e7 teniu un petit recull de fotos.<br \/>\n<a href=\"https:\/\/photos.app.goo.gl\/hiNmTHQnfeRPBT1d6\">FOTOS<\/a><br \/>\nGr\u00e0cies a les 2 infermeres i el fisioterapeuta&hellip;  <a href=\"https:\/\/agora.xtec.cat\/ceip-agsantandreu\/general\/setmana-sense-fum-6e\/\" title=\"Read Setmana Sense Fum 6\u00e8\">Llegeix m\u00e9s\u00bb<\/a><\/p>\n","protected":false},"author":3,"featured_media":8290,"comment_status":"closed","ping_status":"closed","sticky":false,"template":"","format":"standard","meta":{"_bbp_topic_count":0,"_bbp_reply_count":0,"_bbp_total_topic_count":0,"_bbp_total_reply_count":0,"_bbp_voice_count":0,"_bbp_anonymous_reply_count":0,"_bbp_topic_count_hidden":0,"_bbp_reply_count_hidden":0,"_bbp_forum_subforum_count":0,"footnotes":""},"categories":[59,1,4],"tags":[],"class_list":["post-8289","post","type-post","status-publish","format-standard","has-post-thumbnail","hentry","category-grans","category-general","category-portada"],"post_mailing_queue_ids":[],"_links":{"self":[{"href":"https:\/\/agora.xtec.cat\/ceip-agsantandreu\/wp-json\/wp\/v2\/posts\/8289","targetHints":{"allow":["GET"]}}],"collection":[{"href":"https:\/\/agora.xtec.cat\/ceip-agsantandreu\/wp-json\/wp\/v2\/posts"}],"about":[{"href":"https:\/\/agora.xtec.cat\/ceip-agsantandreu\/wp-json\/wp\/v2\/types\/post"}],"author":[{"embeddable":true,"href":"https:\/\/agora.xtec.cat\/ceip-agsantandreu\/wp-json\/wp\/v2\/users\/3"}],"replies":[{"embeddable":true,"href":"https:\/\/agora.xtec.cat\/ceip-agsantandreu\/wp-json\/wp\/v2\/comments?post=8289"}],"version-history":[{"count":1,"href":"https:\/\/agora.xtec.cat\/ceip-agsantandreu\/wp-json\/wp\/v2\/posts\/8289\/revisions"}],"predecessor-version":[{"id":8291,"href":"https:\/\/agora.xtec.cat\/ceip-agsantandreu\/wp-json\/wp\/v2\/posts\/8289\/revisions\/8291"}],"wp:featuredmedia":[{"embeddable":true,"href":"https:\/\/agora.xtec.cat\/ceip-agsantandreu\/wp-json\/wp\/v2\/media\/8290"}],"wp:attachment":[{"href":"https:\/\/agora.xtec.cat\/ceip-agsantandreu\/wp-json\/wp\/v2\/media?parent=8289"}],"wp:term":[{"taxonomy":"category","embeddable":true,"href":"https:\/\/agora.xtec.cat\/ceip-agsantandreu\/wp-json\/wp\/v2\/categories?post=8289"},{"taxonomy":"post_tag","embeddable":true,"href":"https:\/\/agora.xtec.cat\/ceip-agsantandreu\/wp-json\/wp\/v2\/tags?post=8289"}],"curies":[{"name":"wp","href":"https:\/\/api.w.org\/{rel}","templated":true}]}}