{"id":8283,"date":"2024-05-06T13:31:28","date_gmt":"2024-05-06T11:31:28","guid":{"rendered":"https:\/\/agora.xtec.cat\/ceip-agsantandreu\/?p=8283"},"modified":"2024-05-08T12:11:11","modified_gmt":"2024-05-08T10:11:11","slug":"racons-a-3r-2","status":"publish","type":"post","link":"https:\/\/agora.xtec.cat\/ceip-agsantandreu\/general\/racons-a-3r-2\/","title":{"rendered":"RACONS A 3R"},"content":{"rendered":"<p>Hola a tots i totes!<\/p>\n<p>Us deixem un recull d&#8217;imatges d&#8217;alguns dels racons de llengua i de mates que hem anat realitzant en les darreres setmanes! Seguim treballant d&#8217;aquesta manera per tal d&#8217;interioritzar d&#8217;una manera m\u00e9s l\u00fadica i manipulativa els continguts que introdu\u00efm a l&#8217;aula.<\/p>\n<p>Fins aviat!<\/p>\n<p><a href=\"https:\/\/photos.app.goo.gl\/pQoaj3EnhNej2d5J6\" target=\"_blank\" rel=\"noopener\"><img loading=\"lazy\" decoding=\"async\" class=\"aligncenter wp-image-8286 size-large\" src=\"https:\/\/agora.xtec.cat\/ceip-agsantandreu\/wp-content\/uploads\/usu37\/2024\/05\/IMG_20240424_101928-1024x768.jpg\" alt=\"\" width=\"1024\" height=\"768\" srcset=\"https:\/\/agora.xtec.cat\/ceip-agsantandreu\/wp-content\/uploads\/usu37\/2024\/05\/IMG_20240424_101928-1024x768.jpg 1024w, https:\/\/agora.xtec.cat\/ceip-agsantandreu\/wp-content\/uploads\/usu37\/2024\/05\/IMG_20240424_101928-300x225.jpg 300w, https:\/\/agora.xtec.cat\/ceip-agsantandreu\/wp-content\/uploads\/usu37\/2024\/05\/IMG_20240424_101928-768x576.jpg 768w, https:\/\/agora.xtec.cat\/ceip-agsantandreu\/wp-content\/uploads\/usu37\/2024\/05\/IMG_20240424_101928-1536x1152.jpg 1536w, https:\/\/agora.xtec.cat\/ceip-agsantandreu\/wp-content\/uploads\/usu37\/2024\/05\/IMG_20240424_101928-2048x1536.jpg 2048w, https:\/\/agora.xtec.cat\/ceip-agsantandreu\/wp-content\/uploads\/usu37\/2024\/05\/IMG_20240424_101928-200x150.jpg 200w\" sizes=\"auto, (max-width: 1024px) 100vw, 1024px\" \/><\/a><\/p>\n<p><a href=\"https:\/\/photos.app.goo.gl\/pQoaj3EnhNej2d5J6\" target=\"_blank\" rel=\"noopener\">RACONS A 3R<\/a><\/p>\n","protected":false},"excerpt":{"rendered":"<p>Hola a tots i totes!<br \/>\nUs deixem un recull d&#8217;imatges d&#8217;alguns dels racons de llengua i de mates que hem anat realitzant en les darreres setmanes! Seguim treballant d&#8217;aquesta manera per tal d&#8217;interioritzar d&#8217;una manera m\u00e9s l\u00fadica i manipulativa els continguts que introdu\u00efm a l&#8217;aula.<br \/>\nFins aviat!<br \/>\n<a&hellip;  <a href=\"https:\/\/agora.xtec.cat\/ceip-agsantandreu\/general\/racons-a-3r-2\/\" title=\"Read RACONS A 3R\">Llegeix m\u00e9s\u00bb<\/a><\/p>\n","protected":false},"author":3,"featured_media":0,"comment_status":"closed","ping_status":"closed","sticky":false,"template":"","format":"standard","meta":{"_bbp_topic_count":0,"_bbp_reply_count":0,"_bbp_total_topic_count":0,"_bbp_total_reply_count":0,"_bbp_voice_count":0,"_bbp_anonymous_reply_count":0,"_bbp_topic_count_hidden":0,"_bbp_reply_count_hidden":0,"_bbp_forum_subforum_count":0,"footnotes":""},"categories":[58,1,4],"tags":[],"class_list":["post-8283","post","type-post","status-publish","format-standard","hentry","category-mitjans-mitjans","category-general","category-portada"],"post_mailing_queue_ids":[],"_links":{"self":[{"href":"https:\/\/agora.xtec.cat\/ceip-agsantandreu\/wp-json\/wp\/v2\/posts\/8283","targetHints":{"allow":["GET"]}}],"collection":[{"href":"https:\/\/agora.xtec.cat\/ceip-agsantandreu\/wp-json\/wp\/v2\/posts"}],"about":[{"href":"https:\/\/agora.xtec.cat\/ceip-agsantandreu\/wp-json\/wp\/v2\/types\/post"}],"author":[{"embeddable":true,"href":"https:\/\/agora.xtec.cat\/ceip-agsantandreu\/wp-json\/wp\/v2\/users\/3"}],"replies":[{"embeddable":true,"href":"https:\/\/agora.xtec.cat\/ceip-agsantandreu\/wp-json\/wp\/v2\/comments?post=8283"}],"version-history":[{"count":3,"href":"https:\/\/agora.xtec.cat\/ceip-agsantandreu\/wp-json\/wp\/v2\/posts\/8283\/revisions"}],"predecessor-version":[{"id":8287,"href":"https:\/\/agora.xtec.cat\/ceip-agsantandreu\/wp-json\/wp\/v2\/posts\/8283\/revisions\/8287"}],"wp:attachment":[{"href":"https:\/\/agora.xtec.cat\/ceip-agsantandreu\/wp-json\/wp\/v2\/media?parent=8283"}],"wp:term":[{"taxonomy":"category","embeddable":true,"href":"https:\/\/agora.xtec.cat\/ceip-agsantandreu\/wp-json\/wp\/v2\/categories?post=8283"},{"taxonomy":"post_tag","embeddable":true,"href":"https:\/\/agora.xtec.cat\/ceip-agsantandreu\/wp-json\/wp\/v2\/tags?post=8283"}],"curies":[{"name":"wp","href":"https:\/\/api.w.org\/{rel}","templated":true}]}}