{"id":8255,"date":"2024-04-29T16:15:01","date_gmt":"2024-04-29T14:15:01","guid":{"rendered":"https:\/\/agora.xtec.cat\/ceip-agsantandreu\/?p=8255"},"modified":"2024-05-03T08:43:54","modified_gmt":"2024-05-03T06:43:54","slug":"xerrada-lart-de-posar-limits","status":"publish","type":"post","link":"https:\/\/agora.xtec.cat\/ceip-agsantandreu\/general\/xerrada-lart-de-posar-limits\/","title":{"rendered":"Xerrada: &#8220;L&#8217;Art de posar l\u00edmits&#8221;"},"content":{"rendered":"<p><span style=\"font-weight: 400\">Des de l&#8217;Equip de Coordinaci\u00f3 0-6, format per una representant de cada Escola Bressol i de cada Escola de Sant Andreu de la Barca, s&#8217;ha promogut la creaci\u00f3 de la Setmana de l&#8217;Educaci\u00f3 Respetuosa i dins d&#8217;aquesta la realitzaci\u00f3 d&#8217;una <strong>xerrada<\/strong> sobre el tema l\u00edmits <strong>adre\u00e7ada a les fam\u00edlies de nens i nenes d&#8217;Educaci\u00f3 Infantil<\/strong>. Finalment, aquesta activitat ha estat possible gr\u00e0cies a la col\u00b7laboraci\u00f3 de l&#8217;Ajuntament.\u00a0<\/span><\/p>\n<p><span style=\"font-weight: 400\">Us informem que el proper <\/span><b>dimarts 7 de maig a les 17:30<\/b><span style=\"font-weight: 400\"> hores tindr\u00e0 lloc a la sala Federico Garc\u00eda Lorca del <\/span><b>Teatre N\u00faria Espert<\/b><span style=\"font-weight: 400\"> la xerrada<\/span><b>: \u201cL\u2019Art de posar l\u00edmits\u201d <\/b><span style=\"font-weight: 400\">a c\u00e0rrec de la psic\u00f2loga <\/span><b>Sonia Kliass<\/b><span style=\"font-weight: 400\"> sobre<\/span> l\u2019Educaci\u00f3 Respectuosa<b>.\u00a0 Si voleu assistir-hi cal que feu la reserva a\u00a0 <\/b><strong><a href=\"https:\/\/sabarca.cat\/reserva\">https:\/\/sabarca.cat\/reserva<\/a><\/strong><span style=\"font-weight: 400\"><a href=\"https:\/\/agora.xtec.cat\/ceip-agsantandreu\/wp-content\/uploads\/usu37\/2024\/04\/xerrada.jpg\"><img loading=\"lazy\" decoding=\"async\" class=\" wp-image-8257 aligncenter\" src=\"https:\/\/agora.xtec.cat\/ceip-agsantandreu\/wp-content\/uploads\/usu37\/2024\/04\/xerrada-212x300.jpg\" alt=\"\" width=\"244\" height=\"345\" srcset=\"https:\/\/agora.xtec.cat\/ceip-agsantandreu\/wp-content\/uploads\/usu37\/2024\/04\/xerrada-212x300.jpg 212w, https:\/\/agora.xtec.cat\/ceip-agsantandreu\/wp-content\/uploads\/usu37\/2024\/04\/xerrada.jpg 344w\" sizes=\"auto, (max-width: 244px) 100vw, 244px\" \/><\/a><\/span><\/p>\n","protected":false},"excerpt":{"rendered":"<p>Des de l&#8217;Equip de Coordinaci\u00f3 0-6, format per una representant de cada Escola Bressol i de cada Escola de Sant Andreu de la Barca, s&#8217;ha promogut la creaci\u00f3 de la Setmana de l&#8217;Educaci\u00f3 Respetuosa i dins d&#8217;aquesta la realitzaci\u00f3 d&#8217;una xerrada sobre el tema l\u00edmits&hellip;  <a href=\"https:\/\/agora.xtec.cat\/ceip-agsantandreu\/general\/xerrada-lart-de-posar-limits\/\" title=\"Read Xerrada: &#8220;L&#8217;Art de posar l\u00edmits&#8221;\">Llegeix m\u00e9s\u00bb<\/a><\/p>\n","protected":false},"author":3,"featured_media":0,"comment_status":"closed","ping_status":"closed","sticky":false,"template":"","format":"standard","meta":{"_bbp_topic_count":0,"_bbp_reply_count":0,"_bbp_total_topic_count":0,"_bbp_total_reply_count":0,"_bbp_voice_count":0,"_bbp_anonymous_reply_count":0,"_bbp_topic_count_hidden":0,"_bbp_reply_count_hidden":0,"_bbp_forum_subforum_count":0,"footnotes":""},"categories":[2,1,4],"tags":[],"class_list":["post-8255","post","type-post","status-publish","format-standard","hentry","category-petits","category-general","category-portada"],"post_mailing_queue_ids":[],"_links":{"self":[{"href":"https:\/\/agora.xtec.cat\/ceip-agsantandreu\/wp-json\/wp\/v2\/posts\/8255","targetHints":{"allow":["GET"]}}],"collection":[{"href":"https:\/\/agora.xtec.cat\/ceip-agsantandreu\/wp-json\/wp\/v2\/posts"}],"about":[{"href":"https:\/\/agora.xtec.cat\/ceip-agsantandreu\/wp-json\/wp\/v2\/types\/post"}],"author":[{"embeddable":true,"href":"https:\/\/agora.xtec.cat\/ceip-agsantandreu\/wp-json\/wp\/v2\/users\/3"}],"replies":[{"embeddable":true,"href":"https:\/\/agora.xtec.cat\/ceip-agsantandreu\/wp-json\/wp\/v2\/comments?post=8255"}],"version-history":[{"count":6,"href":"https:\/\/agora.xtec.cat\/ceip-agsantandreu\/wp-json\/wp\/v2\/posts\/8255\/revisions"}],"predecessor-version":[{"id":8272,"href":"https:\/\/agora.xtec.cat\/ceip-agsantandreu\/wp-json\/wp\/v2\/posts\/8255\/revisions\/8272"}],"wp:attachment":[{"href":"https:\/\/agora.xtec.cat\/ceip-agsantandreu\/wp-json\/wp\/v2\/media?parent=8255"}],"wp:term":[{"taxonomy":"category","embeddable":true,"href":"https:\/\/agora.xtec.cat\/ceip-agsantandreu\/wp-json\/wp\/v2\/categories?post=8255"},{"taxonomy":"post_tag","embeddable":true,"href":"https:\/\/agora.xtec.cat\/ceip-agsantandreu\/wp-json\/wp\/v2\/tags?post=8255"}],"curies":[{"name":"wp","href":"https:\/\/api.w.org\/{rel}","templated":true}]}}