{"id":8245,"date":"2024-04-25T18:25:38","date_gmt":"2024-04-25T16:25:38","guid":{"rendered":"https:\/\/agora.xtec.cat\/ceip-agsantandreu\/?p=8245"},"modified":"2024-04-25T18:25:38","modified_gmt":"2024-04-25T16:25:38","slug":"activitats-amb-families-i-4","status":"publish","type":"post","link":"https:\/\/agora.xtec.cat\/ceip-agsantandreu\/general\/activitats-amb-families-i-4\/","title":{"rendered":"Activitats amb fam\u00edlies I.4"},"content":{"rendered":"<p>Gr\u00e0cies a totes aquelles fam\u00edlies que heu participat amb nosaltres!<\/p>\n<p>Hem compartit estones molt enrequidores tots plegats. Sens dubte les vostres propostes han estat un \u00e8xit!<\/p>\n<p>A continuaci\u00f3 us deixem un recull de fotograf\u00edes on podeu veure com ha anat tot aquest proc\u00e9s.<\/p>\n<p><a href=\"https:\/\/agora.xtec.cat\/ceip-agsantandreu\/wp-content\/uploads\/usu37\/2024\/04\/IMG-20240425-WA0014.jpg\"><img loading=\"lazy\" decoding=\"async\" class=\"wp-image-8252 aligncenter\" src=\"https:\/\/agora.xtec.cat\/ceip-agsantandreu\/wp-content\/uploads\/usu37\/2024\/04\/IMG-20240425-WA0014-224x300.jpg\" alt=\"\" width=\"297\" height=\"398\" srcset=\"https:\/\/agora.xtec.cat\/ceip-agsantandreu\/wp-content\/uploads\/usu37\/2024\/04\/IMG-20240425-WA0014-224x300.jpg 224w, https:\/\/agora.xtec.cat\/ceip-agsantandreu\/wp-content\/uploads\/usu37\/2024\/04\/IMG-20240425-WA0014-766x1024.jpg 766w, https:\/\/agora.xtec.cat\/ceip-agsantandreu\/wp-content\/uploads\/usu37\/2024\/04\/IMG-20240425-WA0014-768x1027.jpg 768w, https:\/\/agora.xtec.cat\/ceip-agsantandreu\/wp-content\/uploads\/usu37\/2024\/04\/IMG-20240425-WA0014-1149x1536.jpg 1149w, https:\/\/agora.xtec.cat\/ceip-agsantandreu\/wp-content\/uploads\/usu37\/2024\/04\/IMG-20240425-WA0014.jpg 1197w\" sizes=\"auto, (max-width: 297px) 100vw, 297px\" \/><\/a><\/p>\n<p style=\"text-align: center\"><strong><a href=\"https:\/\/photos.app.goo.gl\/Qruj4aZxkhcD4fRP9\">FOTOGRAF\u00cdES<\/a><\/strong><\/p>\n","protected":false},"excerpt":{"rendered":"<p>Gr\u00e0cies a totes aquelles fam\u00edlies que heu participat amb nosaltres!<br \/>\nHem compartit estones molt enrequidores tots plegats. Sens dubte les vostres propostes han estat un \u00e8xit!<br \/>\nA continuaci\u00f3 us deixem un recull de fotograf\u00edes on podeu veure com ha anat tot aquest proc\u00e9s.<br \/>\n<a href=\"https:\/\/agora.xtec.cat\/ceip-agsantandreu\/wp-content\/uploads\/usu37\/2024\/04\/IMG-20240425-WA0014.jpg\"><\/a><br \/>\n<a href=\"https:\/\/photos.app.goo.gl\/Qruj4aZxkhcD4fRP9\">FOTOGRAF\u00cdES<\/a><\/p>\n","protected":false},"author":3,"featured_media":0,"comment_status":"closed","ping_status":"closed","sticky":false,"template":"","format":"standard","meta":{"_bbp_topic_count":0,"_bbp_reply_count":0,"_bbp_total_topic_count":0,"_bbp_total_reply_count":0,"_bbp_voice_count":0,"_bbp_anonymous_reply_count":0,"_bbp_topic_count_hidden":0,"_bbp_reply_count_hidden":0,"_bbp_forum_subforum_count":0,"footnotes":""},"categories":[2,1,4],"tags":[],"class_list":["post-8245","post","type-post","status-publish","format-standard","hentry","category-petits","category-general","category-portada"],"post_mailing_queue_ids":[],"_links":{"self":[{"href":"https:\/\/agora.xtec.cat\/ceip-agsantandreu\/wp-json\/wp\/v2\/posts\/8245","targetHints":{"allow":["GET"]}}],"collection":[{"href":"https:\/\/agora.xtec.cat\/ceip-agsantandreu\/wp-json\/wp\/v2\/posts"}],"about":[{"href":"https:\/\/agora.xtec.cat\/ceip-agsantandreu\/wp-json\/wp\/v2\/types\/post"}],"author":[{"embeddable":true,"href":"https:\/\/agora.xtec.cat\/ceip-agsantandreu\/wp-json\/wp\/v2\/users\/3"}],"replies":[{"embeddable":true,"href":"https:\/\/agora.xtec.cat\/ceip-agsantandreu\/wp-json\/wp\/v2\/comments?post=8245"}],"version-history":[{"count":6,"href":"https:\/\/agora.xtec.cat\/ceip-agsantandreu\/wp-json\/wp\/v2\/posts\/8245\/revisions"}],"predecessor-version":[{"id":8254,"href":"https:\/\/agora.xtec.cat\/ceip-agsantandreu\/wp-json\/wp\/v2\/posts\/8245\/revisions\/8254"}],"wp:attachment":[{"href":"https:\/\/agora.xtec.cat\/ceip-agsantandreu\/wp-json\/wp\/v2\/media?parent=8245"}],"wp:term":[{"taxonomy":"category","embeddable":true,"href":"https:\/\/agora.xtec.cat\/ceip-agsantandreu\/wp-json\/wp\/v2\/categories?post=8245"},{"taxonomy":"post_tag","embeddable":true,"href":"https:\/\/agora.xtec.cat\/ceip-agsantandreu\/wp-json\/wp\/v2\/tags?post=8245"}],"curies":[{"name":"wp","href":"https:\/\/api.w.org\/{rel}","templated":true}]}}