{"id":8240,"date":"2024-04-25T13:00:30","date_gmt":"2024-04-25T11:00:30","guid":{"rendered":"https:\/\/agora.xtec.cat\/ceip-agsantandreu\/?p=8240"},"modified":"2024-04-25T08:01:53","modified_gmt":"2024-04-25T06:01:53","slug":"activitats-amb-families-i-3","status":"publish","type":"post","link":"https:\/\/agora.xtec.cat\/ceip-agsantandreu\/general\/activitats-amb-families-i-3\/","title":{"rendered":"Activitats amb fam\u00edlies I.3"},"content":{"rendered":"<p>Divendres 19 d&#8217;abril vam tenir la col\u00b7laboraci\u00f3 de fam\u00edlies d&#8217;I.3, on ens van fer gaudir d&#8217;unes activitats relacionades amb el tema del curs &#8220;La gastronomia&#8221;.\u00a0 Vam gaudir molt\u00edssim, tant nens i nenes com adults!!<\/p>\n<p>Moltes gr\u00e0cies fam\u00edlies per la vostra entrega i predisposici\u00f3 !!!<\/p>\n<p style=\"text-align: center\"><a href=\"https:\/\/agora.xtec.cat\/ceip-agsantandreu\/wp-content\/uploads\/usu37\/2024\/04\/IMG-20240423-WA0017.jpg\"><img loading=\"lazy\" decoding=\"async\" class=\"wp-image-8242 aligncenter\" src=\"https:\/\/agora.xtec.cat\/ceip-agsantandreu\/wp-content\/uploads\/usu37\/2024\/04\/IMG-20240423-WA0017-300x225.jpg\" alt=\"\" width=\"460\" height=\"345\" srcset=\"https:\/\/agora.xtec.cat\/ceip-agsantandreu\/wp-content\/uploads\/usu37\/2024\/04\/IMG-20240423-WA0017-300x225.jpg 300w, https:\/\/agora.xtec.cat\/ceip-agsantandreu\/wp-content\/uploads\/usu37\/2024\/04\/IMG-20240423-WA0017-1024x768.jpg 1024w, https:\/\/agora.xtec.cat\/ceip-agsantandreu\/wp-content\/uploads\/usu37\/2024\/04\/IMG-20240423-WA0017-768x576.jpg 768w, https:\/\/agora.xtec.cat\/ceip-agsantandreu\/wp-content\/uploads\/usu37\/2024\/04\/IMG-20240423-WA0017-1536x1152.jpg 1536w, https:\/\/agora.xtec.cat\/ceip-agsantandreu\/wp-content\/uploads\/usu37\/2024\/04\/IMG-20240423-WA0017-200x150.jpg 200w, https:\/\/agora.xtec.cat\/ceip-agsantandreu\/wp-content\/uploads\/usu37\/2024\/04\/IMG-20240423-WA0017.jpg 1600w\" sizes=\"auto, (max-width: 460px) 100vw, 460px\" \/><\/a><a href=\"https:\/\/photos.app.goo.gl\/w9kp2yN6txjTSWkMA\"><strong>FOTOGRAF\u00cdES<\/strong><\/a><\/p>\n","protected":false},"excerpt":{"rendered":"<p>Divendres 19 d&#8217;abril vam tenir la col\u00b7laboraci\u00f3 de fam\u00edlies d&#8217;I.3, on ens van fer gaudir d&#8217;unes activitats relacionades amb el tema del curs &#8220;La gastronomia&#8221;.\u00a0 Vam gaudir molt\u00edssim, tant nens i nenes com adults!!<br \/>\nMoltes gr\u00e0cies fam\u00edlies per la vostra entrega i predisposici\u00f3 !!!<br \/>\n<a href=\"https:\/\/agora.xtec.cat\/ceip-agsantandreu\/wp-content\/uploads\/usu37\/2024\/04\/IMG-20240423-WA0017.jpg\"><\/a><a href=\"https:\/\/photos.app.goo.gl\/w9kp2yN6txjTSWkMA\">FOTOGRAF\u00cdES<\/a><\/p>\n","protected":false},"author":3,"featured_media":0,"comment_status":"closed","ping_status":"closed","sticky":false,"template":"","format":"standard","meta":{"_bbp_topic_count":0,"_bbp_reply_count":0,"_bbp_total_topic_count":0,"_bbp_total_reply_count":0,"_bbp_voice_count":0,"_bbp_anonymous_reply_count":0,"_bbp_topic_count_hidden":0,"_bbp_reply_count_hidden":0,"_bbp_forum_subforum_count":0,"footnotes":""},"categories":[2,1,4],"tags":[],"class_list":["post-8240","post","type-post","status-publish","format-standard","hentry","category-petits","category-general","category-portada"],"post_mailing_queue_ids":[],"_links":{"self":[{"href":"https:\/\/agora.xtec.cat\/ceip-agsantandreu\/wp-json\/wp\/v2\/posts\/8240","targetHints":{"allow":["GET"]}}],"collection":[{"href":"https:\/\/agora.xtec.cat\/ceip-agsantandreu\/wp-json\/wp\/v2\/posts"}],"about":[{"href":"https:\/\/agora.xtec.cat\/ceip-agsantandreu\/wp-json\/wp\/v2\/types\/post"}],"author":[{"embeddable":true,"href":"https:\/\/agora.xtec.cat\/ceip-agsantandreu\/wp-json\/wp\/v2\/users\/3"}],"replies":[{"embeddable":true,"href":"https:\/\/agora.xtec.cat\/ceip-agsantandreu\/wp-json\/wp\/v2\/comments?post=8240"}],"version-history":[{"count":2,"href":"https:\/\/agora.xtec.cat\/ceip-agsantandreu\/wp-json\/wp\/v2\/posts\/8240\/revisions"}],"predecessor-version":[{"id":8244,"href":"https:\/\/agora.xtec.cat\/ceip-agsantandreu\/wp-json\/wp\/v2\/posts\/8240\/revisions\/8244"}],"wp:attachment":[{"href":"https:\/\/agora.xtec.cat\/ceip-agsantandreu\/wp-json\/wp\/v2\/media?parent=8240"}],"wp:term":[{"taxonomy":"category","embeddable":true,"href":"https:\/\/agora.xtec.cat\/ceip-agsantandreu\/wp-json\/wp\/v2\/categories?post=8240"},{"taxonomy":"post_tag","embeddable":true,"href":"https:\/\/agora.xtec.cat\/ceip-agsantandreu\/wp-json\/wp\/v2\/tags?post=8240"}],"curies":[{"name":"wp","href":"https:\/\/api.w.org\/{rel}","templated":true}]}}