{"id":8220,"date":"2024-04-23T16:39:52","date_gmt":"2024-04-23T14:39:52","guid":{"rendered":"https:\/\/agora.xtec.cat\/ceip-agsantandreu\/?p=8220"},"modified":"2024-04-23T16:41:01","modified_gmt":"2024-04-23T14:41:01","slug":"diada-sant-jordi-2024","status":"publish","type":"post","link":"https:\/\/agora.xtec.cat\/ceip-agsantandreu\/general\/diada-sant-jordi-2024\/","title":{"rendered":"DIADA SANT JORDI 2024"},"content":{"rendered":"<p>Hola fam\u00edlies!! Com cada any hem celebrat aquest dia tan especial per a la nostra escola, la Diada de Sant Jordi!!! Tots plegats, alumnes, fam\u00edlies i equip docent hem pogut gaudir del Concurs literari i de les danses que amb tanta il\u00b7lusi\u00f3 i esfor\u00e7, tots els nens i nenes han preparat amb la M. Eug\u00e8nia. Volem donar les gr\u00e0cies a tots els nens i nens que han col\u00b7laborat en la compra de llibres, roses i punts de llibre que han elaborat els nens i nens de 6\u00e8. Fins l&#8217;any vinent!! Feli\u00e7 Diada de Sant Jordi!!!<\/p>\n<p><a href=\"https:\/\/agora.xtec.cat\/ceip-agsantandreu\/wp-content\/uploads\/usu37\/2024\/04\/WhatsApp-Image-2024-04-23-at-15.44.44.jpeg\"><img loading=\"lazy\" decoding=\"async\" class=\"aligncenter wp-image-8221\" src=\"https:\/\/agora.xtec.cat\/ceip-agsantandreu\/wp-content\/uploads\/usu37\/2024\/04\/WhatsApp-Image-2024-04-23-at-15.44.44-1024x768.jpeg\" alt=\"\" width=\"351\" height=\"263\" srcset=\"https:\/\/agora.xtec.cat\/ceip-agsantandreu\/wp-content\/uploads\/usu37\/2024\/04\/WhatsApp-Image-2024-04-23-at-15.44.44-1024x768.jpeg 1024w, https:\/\/agora.xtec.cat\/ceip-agsantandreu\/wp-content\/uploads\/usu37\/2024\/04\/WhatsApp-Image-2024-04-23-at-15.44.44-300x225.jpeg 300w, https:\/\/agora.xtec.cat\/ceip-agsantandreu\/wp-content\/uploads\/usu37\/2024\/04\/WhatsApp-Image-2024-04-23-at-15.44.44-768x576.jpeg 768w, https:\/\/agora.xtec.cat\/ceip-agsantandreu\/wp-content\/uploads\/usu37\/2024\/04\/WhatsApp-Image-2024-04-23-at-15.44.44-1536x1152.jpeg 1536w, https:\/\/agora.xtec.cat\/ceip-agsantandreu\/wp-content\/uploads\/usu37\/2024\/04\/WhatsApp-Image-2024-04-23-at-15.44.44-200x150.jpeg 200w, https:\/\/agora.xtec.cat\/ceip-agsantandreu\/wp-content\/uploads\/usu37\/2024\/04\/WhatsApp-Image-2024-04-23-at-15.44.44.jpeg 1600w\" sizes=\"auto, (max-width: 351px) 100vw, 351px\" \/><\/a><\/p>\n<p><a href=\"https:\/\/photos.app.goo.gl\/ZGqiuKnoT8gsgX8g9\" target=\"_blank\" rel=\"noopener\">FOTOGRAFIES DIADA SANT JORDI<\/a><\/p>\n","protected":false},"excerpt":{"rendered":"<p>Hola fam\u00edlies!! Com cada any hem celebrat aquest dia tan especial per a la nostra escola, la Diada de Sant Jordi!!! Tots plegats, alumnes, fam\u00edlies i equip docent hem pogut gaudir del Concurs literari i de les danses que amb tanta il\u00b7lusi\u00f3 i esfor\u00e7, tots&hellip;  <a href=\"https:\/\/agora.xtec.cat\/ceip-agsantandreu\/general\/diada-sant-jordi-2024\/\" title=\"Read DIADA SANT JORDI 2024\">Llegeix m\u00e9s\u00bb<\/a><\/p>\n","protected":false},"author":1,"featured_media":0,"comment_status":"closed","ping_status":"closed","sticky":false,"template":"","format":"standard","meta":{"_bbp_topic_count":0,"_bbp_reply_count":0,"_bbp_total_topic_count":0,"_bbp_total_reply_count":0,"_bbp_voice_count":0,"_bbp_anonymous_reply_count":0,"_bbp_topic_count_hidden":0,"_bbp_reply_count_hidden":0,"_bbp_forum_subforum_count":0,"footnotes":""},"categories":[1,4],"tags":[],"class_list":["post-8220","post","type-post","status-publish","format-standard","hentry","category-general","category-portada"],"post_mailing_queue_ids":[],"_links":{"self":[{"href":"https:\/\/agora.xtec.cat\/ceip-agsantandreu\/wp-json\/wp\/v2\/posts\/8220","targetHints":{"allow":["GET"]}}],"collection":[{"href":"https:\/\/agora.xtec.cat\/ceip-agsantandreu\/wp-json\/wp\/v2\/posts"}],"about":[{"href":"https:\/\/agora.xtec.cat\/ceip-agsantandreu\/wp-json\/wp\/v2\/types\/post"}],"author":[{"embeddable":true,"href":"https:\/\/agora.xtec.cat\/ceip-agsantandreu\/wp-json\/wp\/v2\/users\/1"}],"replies":[{"embeddable":true,"href":"https:\/\/agora.xtec.cat\/ceip-agsantandreu\/wp-json\/wp\/v2\/comments?post=8220"}],"version-history":[{"count":6,"href":"https:\/\/agora.xtec.cat\/ceip-agsantandreu\/wp-json\/wp\/v2\/posts\/8220\/revisions"}],"predecessor-version":[{"id":8231,"href":"https:\/\/agora.xtec.cat\/ceip-agsantandreu\/wp-json\/wp\/v2\/posts\/8220\/revisions\/8231"}],"wp:attachment":[{"href":"https:\/\/agora.xtec.cat\/ceip-agsantandreu\/wp-json\/wp\/v2\/media?parent=8220"}],"wp:term":[{"taxonomy":"category","embeddable":true,"href":"https:\/\/agora.xtec.cat\/ceip-agsantandreu\/wp-json\/wp\/v2\/categories?post=8220"},{"taxonomy":"post_tag","embeddable":true,"href":"https:\/\/agora.xtec.cat\/ceip-agsantandreu\/wp-json\/wp\/v2\/tags?post=8220"}],"curies":[{"name":"wp","href":"https:\/\/api.w.org\/{rel}","templated":true}]}}