{"id":822,"date":"2017-10-25T13:48:37","date_gmt":"2017-10-25T11:48:37","guid":{"rendered":"http:\/\/agora.xtec.cat\/ceip-agsantandreu\/?p=822"},"modified":"2017-10-25T13:51:18","modified_gmt":"2017-10-25T11:51:18","slug":"adaptacio-p3a","status":"publish","type":"post","link":"https:\/\/agora.xtec.cat\/ceip-agsantandreu\/comunitats\/petits\/adaptacio-p3a\/","title":{"rendered":"Adaptaci\u00f3 P3A"},"content":{"rendered":"<p>Aqu\u00ed us deixem un petit recull dels primers dies a l\u2019escola dels nens i nenes de P3. Com veieu, s\u2019ho van passar d\u2019all\u00f2 m\u00e9s b\u00e9!<\/p>\n<p><a href=\"http:\/\/agora.xtec.cat\/ceip-agsantandreu\/wp-content\/uploads\/usu37\/2017\/10\/20170913_092653-Copiar.jpg\"><img loading=\"lazy\" decoding=\"async\" class=\"alignnone size-large wp-image-823\" src=\"http:\/\/agora.xtec.cat\/ceip-agsantandreu\/wp-content\/uploads\/usu37\/2017\/10\/20170913_092653-Copiar-1024x768.jpg\" alt=\"\" width=\"1024\" height=\"768\" srcset=\"https:\/\/agora.xtec.cat\/ceip-agsantandreu\/wp-content\/uploads\/usu37\/2017\/10\/20170913_092653-Copiar.jpg 1024w, https:\/\/agora.xtec.cat\/ceip-agsantandreu\/wp-content\/uploads\/usu37\/2017\/10\/20170913_092653-Copiar-300x225.jpg 300w, https:\/\/agora.xtec.cat\/ceip-agsantandreu\/wp-content\/uploads\/usu37\/2017\/10\/20170913_092653-Copiar-768x576.jpg 768w, https:\/\/agora.xtec.cat\/ceip-agsantandreu\/wp-content\/uploads\/usu37\/2017\/10\/20170913_092653-Copiar-200x150.jpg 200w\" sizes=\"auto, (max-width: 1024px) 100vw, 1024px\" \/><\/a><\/p>\n<p><a href=\"https:\/\/photos.app.goo.gl\/8FcXFe6CntzlnkN93\">Clica per veure m\u00e9s fotografies<\/a><\/p>\n","protected":false},"excerpt":{"rendered":"<p>Aqu\u00ed us deixem un petit recull dels primers dies a l\u2019escola dels nens i nenes de P3. Com veieu, s\u2019ho van passar d\u2019all\u00f2 m\u00e9s b\u00e9!<br \/>\n<a href=\"http:\/\/agora.xtec.cat\/ceip-agsantandreu\/wp-content\/uploads\/usu37\/2017\/10\/20170913_092653-Copiar.jpg\"><\/a><br \/>\n<a href=\"https:\/\/photos.app.goo.gl\/8FcXFe6CntzlnkN93\">Clica per veure m\u00e9s fotografies<\/a><\/p>\n","protected":false},"author":3,"featured_media":0,"comment_status":"closed","ping_status":"closed","sticky":false,"template":"","format":"standard","meta":{"_bbp_topic_count":0,"_bbp_reply_count":0,"_bbp_total_topic_count":0,"_bbp_total_reply_count":0,"_bbp_voice_count":0,"_bbp_anonymous_reply_count":0,"_bbp_topic_count_hidden":0,"_bbp_reply_count_hidden":0,"_bbp_forum_subforum_count":0,"footnotes":""},"categories":[2,4],"tags":[],"class_list":["post-822","post","type-post","status-publish","format-standard","hentry","category-petits","category-portada"],"post_mailing_queue_ids":[],"_links":{"self":[{"href":"https:\/\/agora.xtec.cat\/ceip-agsantandreu\/wp-json\/wp\/v2\/posts\/822","targetHints":{"allow":["GET"]}}],"collection":[{"href":"https:\/\/agora.xtec.cat\/ceip-agsantandreu\/wp-json\/wp\/v2\/posts"}],"about":[{"href":"https:\/\/agora.xtec.cat\/ceip-agsantandreu\/wp-json\/wp\/v2\/types\/post"}],"author":[{"embeddable":true,"href":"https:\/\/agora.xtec.cat\/ceip-agsantandreu\/wp-json\/wp\/v2\/users\/3"}],"replies":[{"embeddable":true,"href":"https:\/\/agora.xtec.cat\/ceip-agsantandreu\/wp-json\/wp\/v2\/comments?post=822"}],"version-history":[{"count":2,"href":"https:\/\/agora.xtec.cat\/ceip-agsantandreu\/wp-json\/wp\/v2\/posts\/822\/revisions"}],"predecessor-version":[{"id":826,"href":"https:\/\/agora.xtec.cat\/ceip-agsantandreu\/wp-json\/wp\/v2\/posts\/822\/revisions\/826"}],"wp:attachment":[{"href":"https:\/\/agora.xtec.cat\/ceip-agsantandreu\/wp-json\/wp\/v2\/media?parent=822"}],"wp:term":[{"taxonomy":"category","embeddable":true,"href":"https:\/\/agora.xtec.cat\/ceip-agsantandreu\/wp-json\/wp\/v2\/categories?post=822"},{"taxonomy":"post_tag","embeddable":true,"href":"https:\/\/agora.xtec.cat\/ceip-agsantandreu\/wp-json\/wp\/v2\/tags?post=822"}],"curies":[{"name":"wp","href":"https:\/\/api.w.org\/{rel}","templated":true}]}}