{"id":8217,"date":"2024-04-23T14:06:28","date_gmt":"2024-04-23T12:06:28","guid":{"rendered":"https:\/\/agora.xtec.cat\/ceip-agsantandreu\/?p=8217"},"modified":"2024-04-23T14:06:28","modified_gmt":"2024-04-23T12:06:28","slug":"taller-6e-casa-america","status":"publish","type":"post","link":"https:\/\/agora.xtec.cat\/ceip-agsantandreu\/general\/taller-6e-casa-america\/","title":{"rendered":"Taller 6\u00e8 &#8211; Casa Am\u00e8rica"},"content":{"rendered":"<p>Ahir a la tarda vam rebre la visita de la Casa Am\u00e8rica de Catalunya.<\/p>\n<p>La seva proposta va ser compartir els somnis de nens i nenes del Salvador. A trav\u00e9s d&#8217;aquestes hist\u00f2ries els nostres alumnes van crear uns dibuixos que travessaran l&#8217;oce\u00e0 Atl\u00e0ntic per tal de compartir amb aquests altres infants i aix\u00ed generar un vincle molt especial.<\/p>\n<p><a href=\"https:\/\/photos.app.goo.gl\/UwGBP2Cr4FLivWJK8\" target=\"_blank\" rel=\"noopener\"><img loading=\"lazy\" decoding=\"async\" class=\"aligncenter wp-image-8218 size-medium\" src=\"https:\/\/agora.xtec.cat\/ceip-agsantandreu\/wp-content\/uploads\/usu37\/2024\/04\/WhatsApp-Image-2024-04-22-at-16.15.34-300x226.jpeg\" alt=\"\" width=\"300\" height=\"226\" srcset=\"https:\/\/agora.xtec.cat\/ceip-agsantandreu\/wp-content\/uploads\/usu37\/2024\/04\/WhatsApp-Image-2024-04-22-at-16.15.34-300x226.jpeg 300w, https:\/\/agora.xtec.cat\/ceip-agsantandreu\/wp-content\/uploads\/usu37\/2024\/04\/WhatsApp-Image-2024-04-22-at-16.15.34-1024x771.jpeg 1024w, https:\/\/agora.xtec.cat\/ceip-agsantandreu\/wp-content\/uploads\/usu37\/2024\/04\/WhatsApp-Image-2024-04-22-at-16.15.34-768x578.jpeg 768w, https:\/\/agora.xtec.cat\/ceip-agsantandreu\/wp-content\/uploads\/usu37\/2024\/04\/WhatsApp-Image-2024-04-22-at-16.15.34-1536x1156.jpeg 1536w, https:\/\/agora.xtec.cat\/ceip-agsantandreu\/wp-content\/uploads\/usu37\/2024\/04\/WhatsApp-Image-2024-04-22-at-16.15.34-200x150.jpeg 200w, https:\/\/agora.xtec.cat\/ceip-agsantandreu\/wp-content\/uploads\/usu37\/2024\/04\/WhatsApp-Image-2024-04-22-at-16.15.34.jpeg 1600w\" sizes=\"auto, (max-width: 300px) 100vw, 300px\" \/><\/a><\/p>\n<p><a href=\"https:\/\/photos.app.goo.gl\/UwGBP2Cr4FLivWJK8\" target=\"_blank\" rel=\"noopener\">Aqu\u00ed us deixem unes imatges del taller!<\/a><\/p>\n","protected":false},"excerpt":{"rendered":"<p>Ahir a la tarda vam rebre la visita de la Casa Am\u00e8rica de Catalunya.<br \/>\nLa seva proposta va ser compartir els somnis de nens i nenes del Salvador. A trav\u00e9s d&#8217;aquestes hist\u00f2ries els nostres alumnes van crear uns dibuixos que travessaran l&#8217;oce\u00e0 Atl\u00e0ntic per tal de&hellip;  <a href=\"https:\/\/agora.xtec.cat\/ceip-agsantandreu\/general\/taller-6e-casa-america\/\" title=\"Read Taller 6\u00e8 &#8211; Casa Am\u00e8rica\">Llegeix m\u00e9s\u00bb<\/a><\/p>\n","protected":false},"author":1,"featured_media":0,"comment_status":"closed","ping_status":"closed","sticky":false,"template":"","format":"standard","meta":{"_bbp_topic_count":0,"_bbp_reply_count":0,"_bbp_total_topic_count":0,"_bbp_total_reply_count":0,"_bbp_voice_count":0,"_bbp_anonymous_reply_count":0,"_bbp_topic_count_hidden":0,"_bbp_reply_count_hidden":0,"_bbp_forum_subforum_count":0,"footnotes":""},"categories":[59,1,4],"tags":[],"class_list":["post-8217","post","type-post","status-publish","format-standard","hentry","category-grans","category-general","category-portada"],"post_mailing_queue_ids":[],"_links":{"self":[{"href":"https:\/\/agora.xtec.cat\/ceip-agsantandreu\/wp-json\/wp\/v2\/posts\/8217","targetHints":{"allow":["GET"]}}],"collection":[{"href":"https:\/\/agora.xtec.cat\/ceip-agsantandreu\/wp-json\/wp\/v2\/posts"}],"about":[{"href":"https:\/\/agora.xtec.cat\/ceip-agsantandreu\/wp-json\/wp\/v2\/types\/post"}],"author":[{"embeddable":true,"href":"https:\/\/agora.xtec.cat\/ceip-agsantandreu\/wp-json\/wp\/v2\/users\/1"}],"replies":[{"embeddable":true,"href":"https:\/\/agora.xtec.cat\/ceip-agsantandreu\/wp-json\/wp\/v2\/comments?post=8217"}],"version-history":[{"count":1,"href":"https:\/\/agora.xtec.cat\/ceip-agsantandreu\/wp-json\/wp\/v2\/posts\/8217\/revisions"}],"predecessor-version":[{"id":8219,"href":"https:\/\/agora.xtec.cat\/ceip-agsantandreu\/wp-json\/wp\/v2\/posts\/8217\/revisions\/8219"}],"wp:attachment":[{"href":"https:\/\/agora.xtec.cat\/ceip-agsantandreu\/wp-json\/wp\/v2\/media?parent=8217"}],"wp:term":[{"taxonomy":"category","embeddable":true,"href":"https:\/\/agora.xtec.cat\/ceip-agsantandreu\/wp-json\/wp\/v2\/categories?post=8217"},{"taxonomy":"post_tag","embeddable":true,"href":"https:\/\/agora.xtec.cat\/ceip-agsantandreu\/wp-json\/wp\/v2\/tags?post=8217"}],"curies":[{"name":"wp","href":"https:\/\/api.w.org\/{rel}","templated":true}]}}