{"id":8152,"date":"2024-03-22T10:16:15","date_gmt":"2024-03-22T09:16:15","guid":{"rendered":"https:\/\/agora.xtec.cat\/ceip-agsantandreu\/?p=8152"},"modified":"2024-03-22T10:42:26","modified_gmt":"2024-03-22T09:42:26","slug":"activitat-amb-lavi-ferran","status":"publish","type":"post","link":"https:\/\/agora.xtec.cat\/ceip-agsantandreu\/general\/activitat-amb-lavi-ferran\/","title":{"rendered":"ACTIVITAT AMB L&#8217;AVI FERRAN"},"content":{"rendered":"<p><span style=\"font-weight: 400\">A\u00a0 tercer, hem treballat els animals i l\u2019avi Ferran que en sap molt d\u2019ocells ha vingut a la nostra classe per explicar-nos moltes coses sobre aquest grup d\u2019animals: com son, tipus d\u2019aus, que mengen, perqu\u00e8 emigren\u2026 Tamb\u00e9 ens ha portat per veure i tocar unes plomes d\u2019\u00e0guila, una capsa-niu amb un niu a dintre i ous\u00a0 i una menjadora.\u00a0<\/span><\/p>\n<p><span style=\"font-weight: 400\">Finalment, hem fet un joc per trobar siluetes de les aus rapinyaires.<\/span><\/p>\n<p><span style=\"font-weight: 400\">Gr\u00e0cies avi Ferran perqu\u00e8 hem apr\u00e8s moltes coses noves!<\/span><\/p>\n<p><span style=\"font-weight: 400\"><a href=\"https:\/\/photos.app.goo.gl\/FkM84Lf7vHx7dtXw8\" target=\"_blank\" rel=\"noopener\"><br \/>\nFOTOGRAFIES<\/a><a href=\"https:\/\/photos.app.goo.gl\/FkM84Lf7vHx7dtXw8\" target=\"_blank\" rel=\"noopener\"><img loading=\"lazy\" decoding=\"async\" class=\"aligncenter wp-image-8155 size-medium\" src=\"https:\/\/agora.xtec.cat\/ceip-agsantandreu\/wp-content\/uploads\/usu37\/2024\/03\/1711099470112-1-1-300x225.jpg\" alt=\"\" width=\"300\" height=\"225\" srcset=\"https:\/\/agora.xtec.cat\/ceip-agsantandreu\/wp-content\/uploads\/usu37\/2024\/03\/1711099470112-1-1-300x225.jpg 300w, https:\/\/agora.xtec.cat\/ceip-agsantandreu\/wp-content\/uploads\/usu37\/2024\/03\/1711099470112-1-1-1024x768.jpg 1024w, https:\/\/agora.xtec.cat\/ceip-agsantandreu\/wp-content\/uploads\/usu37\/2024\/03\/1711099470112-1-1-768x576.jpg 768w, https:\/\/agora.xtec.cat\/ceip-agsantandreu\/wp-content\/uploads\/usu37\/2024\/03\/1711099470112-1-1-1536x1152.jpg 1536w, https:\/\/agora.xtec.cat\/ceip-agsantandreu\/wp-content\/uploads\/usu37\/2024\/03\/1711099470112-1-1-2048x1536.jpg 2048w, https:\/\/agora.xtec.cat\/ceip-agsantandreu\/wp-content\/uploads\/usu37\/2024\/03\/1711099470112-1-1-200x150.jpg 200w\" sizes=\"auto, (max-width: 300px) 100vw, 300px\" \/><\/a><\/span><\/p>\n","protected":false},"excerpt":{"rendered":"<p>A\u00a0 tercer, hem treballat els animals i l\u2019avi Ferran que en sap molt d\u2019ocells ha vingut a la nostra classe per explicar-nos moltes coses sobre aquest grup d\u2019animals: com son, tipus d\u2019aus, que mengen, perqu\u00e8 emigren\u2026 Tamb\u00e9 ens ha portat per veure i tocar unes&hellip;  <a href=\"https:\/\/agora.xtec.cat\/ceip-agsantandreu\/general\/activitat-amb-lavi-ferran\/\" title=\"Read ACTIVITAT AMB L&#8217;AVI FERRAN\">Llegeix m\u00e9s\u00bb<\/a><\/p>\n","protected":false},"author":3,"featured_media":0,"comment_status":"closed","ping_status":"closed","sticky":false,"template":"","format":"standard","meta":{"_bbp_topic_count":0,"_bbp_reply_count":0,"_bbp_total_topic_count":0,"_bbp_total_reply_count":0,"_bbp_voice_count":0,"_bbp_anonymous_reply_count":0,"_bbp_topic_count_hidden":0,"_bbp_reply_count_hidden":0,"_bbp_forum_subforum_count":0,"footnotes":""},"categories":[58,1,4],"tags":[],"class_list":["post-8152","post","type-post","status-publish","format-standard","hentry","category-mitjans-mitjans","category-general","category-portada"],"post_mailing_queue_ids":[],"_links":{"self":[{"href":"https:\/\/agora.xtec.cat\/ceip-agsantandreu\/wp-json\/wp\/v2\/posts\/8152","targetHints":{"allow":["GET"]}}],"collection":[{"href":"https:\/\/agora.xtec.cat\/ceip-agsantandreu\/wp-json\/wp\/v2\/posts"}],"about":[{"href":"https:\/\/agora.xtec.cat\/ceip-agsantandreu\/wp-json\/wp\/v2\/types\/post"}],"author":[{"embeddable":true,"href":"https:\/\/agora.xtec.cat\/ceip-agsantandreu\/wp-json\/wp\/v2\/users\/3"}],"replies":[{"embeddable":true,"href":"https:\/\/agora.xtec.cat\/ceip-agsantandreu\/wp-json\/wp\/v2\/comments?post=8152"}],"version-history":[{"count":4,"href":"https:\/\/agora.xtec.cat\/ceip-agsantandreu\/wp-json\/wp\/v2\/posts\/8152\/revisions"}],"predecessor-version":[{"id":8158,"href":"https:\/\/agora.xtec.cat\/ceip-agsantandreu\/wp-json\/wp\/v2\/posts\/8152\/revisions\/8158"}],"wp:attachment":[{"href":"https:\/\/agora.xtec.cat\/ceip-agsantandreu\/wp-json\/wp\/v2\/media?parent=8152"}],"wp:term":[{"taxonomy":"category","embeddable":true,"href":"https:\/\/agora.xtec.cat\/ceip-agsantandreu\/wp-json\/wp\/v2\/categories?post=8152"},{"taxonomy":"post_tag","embeddable":true,"href":"https:\/\/agora.xtec.cat\/ceip-agsantandreu\/wp-json\/wp\/v2\/tags?post=8152"}],"curies":[{"name":"wp","href":"https:\/\/api.w.org\/{rel}","templated":true}]}}