{"id":8146,"date":"2024-03-21T15:45:52","date_gmt":"2024-03-21T14:45:52","guid":{"rendered":"https:\/\/agora.xtec.cat\/ceip-agsantandreu\/?p=8146"},"modified":"2024-03-21T15:45:52","modified_gmt":"2024-03-21T14:45:52","slug":"la-gastronomia","status":"publish","type":"post","link":"https:\/\/agora.xtec.cat\/ceip-agsantandreu\/general\/la-gastronomia\/","title":{"rendered":"LA GASTRONOMIA"},"content":{"rendered":"<p>Aqu\u00ed us deixem un collage d&#8217;algunes manualitats que han realitzat els nostres alumnes amb les seves fam\u00edlies. Aliments i plats amb materials reciclats com a proposta sorgida del nostre AFA. Tamb\u00e9, el mural que han elaborat al vest\u00edbul principal del centre, en el que han participat tots els grups de l&#8217;escola.<\/p>\n<p>Us convidem a que cliqueu sobre la imatge. Veureu un v\u00eddeo realitzat per la nostra empresa de menjador &#8220;Com a Casa&#8221;, on es mostra tot un recull de la tem\u00e0tica transversal del centre a m\u00e9s d&#8217;un resum de l&#8217;elaboraci\u00f3 dels menjars a la nostra cuina.<\/p>\n<p><a href=\"https:\/\/youtu.be\/1yujYGbMJeA\" target=\"_blank\" rel=\"noopener\">A gaudir!<\/a><\/p>\n<p><a href=\"https:\/\/youtu.be\/1yujYGbMJeA\" target=\"_blank\" rel=\"noopener\"><img loading=\"lazy\" decoding=\"async\" class=\"aligncenter wp-image-8148 size-large\" src=\"https:\/\/agora.xtec.cat\/ceip-agsantandreu\/wp-content\/uploads\/usu37\/2024\/03\/Brown-Holiday-Collage-Christmas-Content-Instagram-Story-1-576x1024.jpg\" alt=\"\" width=\"576\" height=\"1024\" srcset=\"https:\/\/agora.xtec.cat\/ceip-agsantandreu\/wp-content\/uploads\/usu37\/2024\/03\/Brown-Holiday-Collage-Christmas-Content-Instagram-Story-1-576x1024.jpg 576w, https:\/\/agora.xtec.cat\/ceip-agsantandreu\/wp-content\/uploads\/usu37\/2024\/03\/Brown-Holiday-Collage-Christmas-Content-Instagram-Story-1-169x300.jpg 169w, https:\/\/agora.xtec.cat\/ceip-agsantandreu\/wp-content\/uploads\/usu37\/2024\/03\/Brown-Holiday-Collage-Christmas-Content-Instagram-Story-1-768x1365.jpg 768w, https:\/\/agora.xtec.cat\/ceip-agsantandreu\/wp-content\/uploads\/usu37\/2024\/03\/Brown-Holiday-Collage-Christmas-Content-Instagram-Story-1-864x1536.jpg 864w, https:\/\/agora.xtec.cat\/ceip-agsantandreu\/wp-content\/uploads\/usu37\/2024\/03\/Brown-Holiday-Collage-Christmas-Content-Instagram-Story-1.jpg 1080w\" sizes=\"auto, (max-width: 576px) 100vw, 576px\" \/><\/a><\/p>\n<p>&nbsp;<\/p>\n","protected":false},"excerpt":{"rendered":"<p>Aqu\u00ed us deixem un collage d&#8217;algunes manualitats que han realitzat els nostres alumnes amb les seves fam\u00edlies. Aliments i plats amb materials reciclats com a proposta sorgida del nostre AFA. Tamb\u00e9, el mural que han elaborat al vest\u00edbul principal del centre, en el que han&hellip;  <a href=\"https:\/\/agora.xtec.cat\/ceip-agsantandreu\/general\/la-gastronomia\/\" title=\"Read LA GASTRONOMIA\">Llegeix m\u00e9s\u00bb<\/a><\/p>\n","protected":false},"author":1,"featured_media":8149,"comment_status":"closed","ping_status":"closed","sticky":false,"template":"","format":"standard","meta":{"_bbp_topic_count":0,"_bbp_reply_count":0,"_bbp_total_topic_count":0,"_bbp_total_reply_count":0,"_bbp_voice_count":0,"_bbp_anonymous_reply_count":0,"_bbp_topic_count_hidden":0,"_bbp_reply_count_hidden":0,"_bbp_forum_subforum_count":0,"footnotes":""},"categories":[7,1,62,4],"tags":[],"class_list":["post-8146","post","type-post","status-publish","format-standard","has-post-thumbnail","hentry","category-afa","category-general","category-menjador","category-portada"],"post_mailing_queue_ids":[],"_links":{"self":[{"href":"https:\/\/agora.xtec.cat\/ceip-agsantandreu\/wp-json\/wp\/v2\/posts\/8146","targetHints":{"allow":["GET"]}}],"collection":[{"href":"https:\/\/agora.xtec.cat\/ceip-agsantandreu\/wp-json\/wp\/v2\/posts"}],"about":[{"href":"https:\/\/agora.xtec.cat\/ceip-agsantandreu\/wp-json\/wp\/v2\/types\/post"}],"author":[{"embeddable":true,"href":"https:\/\/agora.xtec.cat\/ceip-agsantandreu\/wp-json\/wp\/v2\/users\/1"}],"replies":[{"embeddable":true,"href":"https:\/\/agora.xtec.cat\/ceip-agsantandreu\/wp-json\/wp\/v2\/comments?post=8146"}],"version-history":[{"count":1,"href":"https:\/\/agora.xtec.cat\/ceip-agsantandreu\/wp-json\/wp\/v2\/posts\/8146\/revisions"}],"predecessor-version":[{"id":8150,"href":"https:\/\/agora.xtec.cat\/ceip-agsantandreu\/wp-json\/wp\/v2\/posts\/8146\/revisions\/8150"}],"wp:featuredmedia":[{"embeddable":true,"href":"https:\/\/agora.xtec.cat\/ceip-agsantandreu\/wp-json\/wp\/v2\/media\/8149"}],"wp:attachment":[{"href":"https:\/\/agora.xtec.cat\/ceip-agsantandreu\/wp-json\/wp\/v2\/media?parent=8146"}],"wp:term":[{"taxonomy":"category","embeddable":true,"href":"https:\/\/agora.xtec.cat\/ceip-agsantandreu\/wp-json\/wp\/v2\/categories?post=8146"},{"taxonomy":"post_tag","embeddable":true,"href":"https:\/\/agora.xtec.cat\/ceip-agsantandreu\/wp-json\/wp\/v2\/tags?post=8146"}],"curies":[{"name":"wp","href":"https:\/\/api.w.org\/{rel}","templated":true}]}}