{"id":8126,"date":"2024-03-20T12:12:32","date_gmt":"2024-03-20T11:12:32","guid":{"rendered":"https:\/\/agora.xtec.cat\/ceip-agsantandreu\/?p=8126"},"modified":"2024-03-22T16:29:42","modified_gmt":"2024-03-22T15:29:42","slug":"activitat-amb-families","status":"publish","type":"post","link":"https:\/\/agora.xtec.cat\/ceip-agsantandreu\/general\/activitat-amb-families\/","title":{"rendered":"SETMANA AMB FAM\u00cdLIES"},"content":{"rendered":"<p>Aquesta setmana ha estat molt emocionant i divertida. Han vingut moltes fam\u00edlies de segon a fer-nos activitats relacionades amb el tema de l&#8217;escola d&#8217;enguany: LA GASTRONOMIA!!<\/p>\n<p>Dimarts 19 de mar\u00e7:\u00a0 vam fer una activitat anomenada <a href=\"https:\/\/photos.app.goo.gl\/2ba1KLEENecBU6XS9\">&#8220;Fes el teu plat&#8221;.<\/a><\/p>\n<p>Dimecres 20, vam realitzar una <a href=\"https:\/\/photos.app.goo.gl\/nUkbkDJcYmYyBBZh6\">gimcana<\/a> per tal d&#8217;elaborar una pizza amb els ingredients corresponents.<\/p>\n<p>Dijous 21, ens van preparar un <a href=\"https:\/\/photos.app.goo.gl\/ubuPS2TWmGXReqDa8\">concurs de ball<\/a> amb can\u00e7ons italianes, i per la tarda vam buscar un <a href=\"https:\/\/photos.app.goo.gl\/3ednR43tVMGAftEeA\">tresor amagat<\/a> seguint les pistes que ens donaven.<\/p>\n<p>I l&#8217;\u00faltim dia, divendres 22 hem fet una activitat en la qual hav\u00edem de classificar el menjar segons si era <a href=\"https:\/\/photos.app.goo.gl\/jynVL77XCRMC9qB27\">saludable o no<\/a> , i tamb\u00e9 hem jugat a un joc anomenat <a href=\"https:\/\/photos.app.goo.gl\/DB3q8dQGHa7WLjLfA\">&#8220;cercles musicals&#8221;<\/a>. Per la tarda, hem experimentat amb <a href=\"https:\/\/photos.app.goo.gl\/xJCvamV88FRmxVZv8\">olors i textures.\u00a0<\/a><\/p>\n<p>Les mestres de segon estem molt agra\u00efdes per la participaci\u00f3 de totes les fam\u00edlies!!<\/p>\n<p>Gr\u00e0cies a totes les que heu pogut venir: Tanit, N\u00faria, Marta, Nieves, Navila, Marta, Raquel, Eli, Rub\u00e9n, Maite, Sandra, Iv\u00e1n, Cristina i Patri. I tamb\u00e9 a tothom que ha col\u00b7laborat malgrat no hagi pogut assistir-hi.<\/p>\n<p><a href=\"https:\/\/agora.xtec.cat\/ceip-agsantandreu\/wp-content\/uploads\/usu37\/2024\/03\/64ffada0-8395-4bd2-a1b5-6599ec5f0287.jpg\"><img loading=\"lazy\" decoding=\"async\" class=\"size-medium wp-image-8174 aligncenter\" src=\"https:\/\/agora.xtec.cat\/ceip-agsantandreu\/wp-content\/uploads\/usu37\/2024\/03\/64ffada0-8395-4bd2-a1b5-6599ec5f0287-225x300.jpg\" alt=\"\" width=\"225\" height=\"300\" srcset=\"https:\/\/agora.xtec.cat\/ceip-agsantandreu\/wp-content\/uploads\/usu37\/2024\/03\/64ffada0-8395-4bd2-a1b5-6599ec5f0287-225x300.jpg 225w, https:\/\/agora.xtec.cat\/ceip-agsantandreu\/wp-content\/uploads\/usu37\/2024\/03\/64ffada0-8395-4bd2-a1b5-6599ec5f0287-768x1024.jpg 768w, https:\/\/agora.xtec.cat\/ceip-agsantandreu\/wp-content\/uploads\/usu37\/2024\/03\/64ffada0-8395-4bd2-a1b5-6599ec5f0287-1152x1536.jpg 1152w, https:\/\/agora.xtec.cat\/ceip-agsantandreu\/wp-content\/uploads\/usu37\/2024\/03\/64ffada0-8395-4bd2-a1b5-6599ec5f0287.jpg 1200w\" sizes=\"auto, (max-width: 225px) 100vw, 225px\" \/><\/a><\/p>\n<p>&nbsp;<\/p>\n<p>&nbsp;<\/p>\n<p>&nbsp;<\/p>\n","protected":false},"excerpt":{"rendered":"<p>Aquesta setmana ha estat molt emocionant i divertida. Han vingut moltes fam\u00edlies de segon a fer-nos activitats relacionades amb el tema de l&#8217;escola d&#8217;enguany: LA GASTRONOMIA!!<br \/>\nDimarts 19 de mar\u00e7:\u00a0 vam fer una activitat anomenada <a href=\"https:\/\/photos.app.goo.gl\/2ba1KLEENecBU6XS9\">&#8220;Fes el teu plat&#8221;.<\/a><br \/>\nDimecres 20, vam realitzar una <a href=\"https:\/\/photos.app.goo.gl\/nUkbkDJcYmYyBBZh6\">gimcana<\/a>&hellip;  <a href=\"https:\/\/agora.xtec.cat\/ceip-agsantandreu\/general\/activitat-amb-families\/\" title=\"Read SETMANA AMB FAM\u00cdLIES\">Llegeix m\u00e9s\u00bb<\/a><\/p>\n","protected":false},"author":3,"featured_media":0,"comment_status":"open","ping_status":"closed","sticky":false,"template":"","format":"standard","meta":{"_bbp_topic_count":0,"_bbp_reply_count":0,"_bbp_total_topic_count":0,"_bbp_total_reply_count":0,"_bbp_voice_count":0,"_bbp_anonymous_reply_count":0,"_bbp_topic_count_hidden":0,"_bbp_reply_count_hidden":0,"_bbp_forum_subforum_count":0,"footnotes":""},"categories":[5,1,4],"tags":[],"class_list":["post-8126","post","type-post","status-publish","format-standard","hentry","category-mitjans","category-general","category-portada"],"post_mailing_queue_ids":[],"_links":{"self":[{"href":"https:\/\/agora.xtec.cat\/ceip-agsantandreu\/wp-json\/wp\/v2\/posts\/8126","targetHints":{"allow":["GET"]}}],"collection":[{"href":"https:\/\/agora.xtec.cat\/ceip-agsantandreu\/wp-json\/wp\/v2\/posts"}],"about":[{"href":"https:\/\/agora.xtec.cat\/ceip-agsantandreu\/wp-json\/wp\/v2\/types\/post"}],"author":[{"embeddable":true,"href":"https:\/\/agora.xtec.cat\/ceip-agsantandreu\/wp-json\/wp\/v2\/users\/3"}],"replies":[{"embeddable":true,"href":"https:\/\/agora.xtec.cat\/ceip-agsantandreu\/wp-json\/wp\/v2\/comments?post=8126"}],"version-history":[{"count":6,"href":"https:\/\/agora.xtec.cat\/ceip-agsantandreu\/wp-json\/wp\/v2\/posts\/8126\/revisions"}],"predecessor-version":[{"id":8177,"href":"https:\/\/agora.xtec.cat\/ceip-agsantandreu\/wp-json\/wp\/v2\/posts\/8126\/revisions\/8177"}],"wp:attachment":[{"href":"https:\/\/agora.xtec.cat\/ceip-agsantandreu\/wp-json\/wp\/v2\/media?parent=8126"}],"wp:term":[{"taxonomy":"category","embeddable":true,"href":"https:\/\/agora.xtec.cat\/ceip-agsantandreu\/wp-json\/wp\/v2\/categories?post=8126"},{"taxonomy":"post_tag","embeddable":true,"href":"https:\/\/agora.xtec.cat\/ceip-agsantandreu\/wp-json\/wp\/v2\/tags?post=8126"}],"curies":[{"name":"wp","href":"https:\/\/api.w.org\/{rel}","templated":true}]}}