{"id":8069,"date":"2024-03-06T09:25:11","date_gmt":"2024-03-06T08:25:11","guid":{"rendered":"https:\/\/agora.xtec.cat\/ceip-agsantandreu\/?p=8069"},"modified":"2024-03-07T09:27:28","modified_gmt":"2024-03-07T08:27:28","slug":"3r-va-al-museu-de-la-musica","status":"publish","type":"post","link":"https:\/\/agora.xtec.cat\/ceip-agsantandreu\/general\/3r-va-al-museu-de-la-musica\/","title":{"rendered":"3R VA AL MUSEU DE LA M\u00daSICA"},"content":{"rendered":"<p>Hola a tothom!<\/p>\n<p>El passat divendres 1 de mar\u00e7 vam iniciar el mes fent una excursi\u00f3 molt interessant: vam anar al museu de la m\u00fasica de Barcelona!<\/p>\n<p>All\u00e0, vam poder tocar un instrument molt antic originari d&#8217;Indon\u00e8sia, en concret de l&#8217;illa de Bali, el gamelan. No va ser pas f\u00e0cil&#8230; per\u00f2 finalment vam aconseguir fer una breu melodia col\u00b7laborant entre tots i totes!<\/p>\n<p>Mireu, mireu!<\/p>\n<p><a href=\"https:\/\/photos.app.goo.gl\/m2ncffJU2FZRF4iN9\" target=\"_blank\" rel=\"noopener\">3R AL MUSEU DE LA M\u00daSICA<\/a><\/p>\n<p><a href=\"https:\/\/agora.xtec.cat\/ceip-agsantandreu\/wp-content\/uploads\/usu37\/2024\/03\/gamelan.jpg\" target=\"_blank\" rel=\"noopener\"><img loading=\"lazy\" decoding=\"async\" class=\"aligncenter wp-image-8070 size-full\" src=\"https:\/\/agora.xtec.cat\/ceip-agsantandreu\/wp-content\/uploads\/usu37\/2024\/03\/gamelan.jpg\" alt=\"\" width=\"220\" height=\"165\" srcset=\"https:\/\/agora.xtec.cat\/ceip-agsantandreu\/wp-content\/uploads\/usu37\/2024\/03\/gamelan.jpg 220w, https:\/\/agora.xtec.cat\/ceip-agsantandreu\/wp-content\/uploads\/usu37\/2024\/03\/gamelan-200x150.jpg 200w\" sizes=\"auto, (max-width: 220px) 100vw, 220px\" \/><\/a><\/p>\n","protected":false},"excerpt":{"rendered":"<p>Hola a tothom!<br \/>\nEl passat divendres 1 de mar\u00e7 vam iniciar el mes fent una excursi\u00f3 molt interessant: vam anar al museu de la m\u00fasica de Barcelona!<br \/>\nAll\u00e0, vam poder tocar un instrument molt antic originari d&#8217;Indon\u00e8sia, en concret de l&#8217;illa de Bali, el gamelan. No va&hellip;  <a href=\"https:\/\/agora.xtec.cat\/ceip-agsantandreu\/general\/3r-va-al-museu-de-la-musica\/\" title=\"Read 3R VA AL MUSEU DE LA M\u00daSICA\">Llegeix m\u00e9s\u00bb<\/a><\/p>\n","protected":false},"author":3,"featured_media":8070,"comment_status":"open","ping_status":"closed","sticky":false,"template":"","format":"standard","meta":{"_bbp_topic_count":0,"_bbp_reply_count":0,"_bbp_total_topic_count":0,"_bbp_total_reply_count":0,"_bbp_voice_count":0,"_bbp_anonymous_reply_count":0,"_bbp_topic_count_hidden":0,"_bbp_reply_count_hidden":0,"_bbp_forum_subforum_count":0,"footnotes":""},"categories":[58,1],"tags":[],"class_list":["post-8069","post","type-post","status-publish","format-standard","has-post-thumbnail","hentry","category-mitjans-mitjans","category-general"],"post_mailing_queue_ids":[],"_links":{"self":[{"href":"https:\/\/agora.xtec.cat\/ceip-agsantandreu\/wp-json\/wp\/v2\/posts\/8069","targetHints":{"allow":["GET"]}}],"collection":[{"href":"https:\/\/agora.xtec.cat\/ceip-agsantandreu\/wp-json\/wp\/v2\/posts"}],"about":[{"href":"https:\/\/agora.xtec.cat\/ceip-agsantandreu\/wp-json\/wp\/v2\/types\/post"}],"author":[{"embeddable":true,"href":"https:\/\/agora.xtec.cat\/ceip-agsantandreu\/wp-json\/wp\/v2\/users\/3"}],"replies":[{"embeddable":true,"href":"https:\/\/agora.xtec.cat\/ceip-agsantandreu\/wp-json\/wp\/v2\/comments?post=8069"}],"version-history":[{"count":2,"href":"https:\/\/agora.xtec.cat\/ceip-agsantandreu\/wp-json\/wp\/v2\/posts\/8069\/revisions"}],"predecessor-version":[{"id":8080,"href":"https:\/\/agora.xtec.cat\/ceip-agsantandreu\/wp-json\/wp\/v2\/posts\/8069\/revisions\/8080"}],"wp:featuredmedia":[{"embeddable":true,"href":"https:\/\/agora.xtec.cat\/ceip-agsantandreu\/wp-json\/wp\/v2\/media\/8070"}],"wp:attachment":[{"href":"https:\/\/agora.xtec.cat\/ceip-agsantandreu\/wp-json\/wp\/v2\/media?parent=8069"}],"wp:term":[{"taxonomy":"category","embeddable":true,"href":"https:\/\/agora.xtec.cat\/ceip-agsantandreu\/wp-json\/wp\/v2\/categories?post=8069"},{"taxonomy":"post_tag","embeddable":true,"href":"https:\/\/agora.xtec.cat\/ceip-agsantandreu\/wp-json\/wp\/v2\/tags?post=8069"}],"curies":[{"name":"wp","href":"https:\/\/api.w.org\/{rel}","templated":true}]}}