{"id":8033,"date":"2024-02-24T08:36:11","date_gmt":"2024-02-24T07:36:11","guid":{"rendered":"https:\/\/agora.xtec.cat\/ceip-agsantandreu\/?p=8033"},"modified":"2024-02-26T11:20:03","modified_gmt":"2024-02-26T10:20:03","slug":"5e-el-pa-del-camp-a-la-taula","status":"publish","type":"post","link":"https:\/\/agora.xtec.cat\/ceip-agsantandreu\/general\/5e-el-pa-del-camp-a-la-taula\/","title":{"rendered":"5\u00e8 &#8211; EL PA&#8230; DEL CAMP A LA TAULA!!"},"content":{"rendered":"<p>Dins l&#8217;eix tem\u00e0tic anual de l&#8217;escola, &#8220;<em><strong>La gastronomia&#8221;<\/strong><\/em>, a cinqu\u00e8 hem estat treballant el projecte <strong><em>&#8220;El pa&#8230; del camp a la taula&#8221; <\/em><\/strong>on els alumnes van investigar, entendre i explicar, fent exposicions orals, el proc\u00e9s de la creaci\u00f3 del pa des de la recol\u00b7lecci\u00f3 del blat al camp, passant per la seva elaboraci\u00f3 i acabant per la seva comercialitzaci\u00f3, al llarg de la hist\u00f2ria. \u00c9s a dir, han fet una comparaci\u00f3 entre l&#8217;antiguitat, l&#8217;\u00e8poca dels nostres avis i l&#8217;actualitat.<\/p>\n<p>Tot aquest projecte va tenir com a cloenda la viv\u00e8ncia d&#8217;elaborar diferents tipus de pa.\u00a0 El dijous van fer la massa mare i, despr\u00e9s de reposar, el divendres van fer i coure el pa.<\/p>\n<p><a href=\"https:\/\/photos.app.goo.gl\/rEk176Z7TEC92hgG7\">Cliqueu aqu\u00ed per veure una mostra fotogr\u00e0fica<\/a>.<\/p>\n<p>A la taula!!<\/p>\n<p><a href=\"https:\/\/agora.xtec.cat\/ceip-agsantandreu\/wp-content\/uploads\/usu37\/2024\/02\/IMG_20240223_121302-Copy.jpg\"><img loading=\"lazy\" decoding=\"async\" class=\"alignnone wp-image-8034 size-full\" src=\"https:\/\/agora.xtec.cat\/ceip-agsantandreu\/wp-content\/uploads\/usu37\/2024\/02\/IMG_20240223_121302-Copy.jpg\" alt=\"\" width=\"960\" height=\"720\" srcset=\"https:\/\/agora.xtec.cat\/ceip-agsantandreu\/wp-content\/uploads\/usu37\/2024\/02\/IMG_20240223_121302-Copy.jpg 960w, https:\/\/agora.xtec.cat\/ceip-agsantandreu\/wp-content\/uploads\/usu37\/2024\/02\/IMG_20240223_121302-Copy-300x225.jpg 300w, https:\/\/agora.xtec.cat\/ceip-agsantandreu\/wp-content\/uploads\/usu37\/2024\/02\/IMG_20240223_121302-Copy-768x576.jpg 768w, https:\/\/agora.xtec.cat\/ceip-agsantandreu\/wp-content\/uploads\/usu37\/2024\/02\/IMG_20240223_121302-Copy-200x150.jpg 200w\" sizes=\"auto, (max-width: 960px) 100vw, 960px\" \/><\/a><\/p>\n","protected":false},"excerpt":{"rendered":"<p>Dins l&#8217;eix tem\u00e0tic anual de l&#8217;escola, &#8220;La gastronomia&#8221;, a cinqu\u00e8 hem estat treballant el projecte &#8220;El pa&#8230; del camp a la taula&#8221; on els alumnes van investigar, entendre i explicar, fent exposicions orals, el proc\u00e9s de la creaci\u00f3 del pa des de la recol\u00b7lecci\u00f3 del&hellip;  <a href=\"https:\/\/agora.xtec.cat\/ceip-agsantandreu\/general\/5e-el-pa-del-camp-a-la-taula\/\" title=\"Read 5\u00e8 &#8211; EL PA&#8230; DEL CAMP A LA TAULA!!\">Llegeix m\u00e9s\u00bb<\/a><\/p>\n","protected":false},"author":3,"featured_media":8034,"comment_status":"closed","ping_status":"closed","sticky":false,"template":"","format":"standard","meta":{"_bbp_topic_count":0,"_bbp_reply_count":0,"_bbp_total_topic_count":0,"_bbp_total_reply_count":0,"_bbp_voice_count":0,"_bbp_anonymous_reply_count":0,"_bbp_topic_count_hidden":0,"_bbp_reply_count_hidden":0,"_bbp_forum_subforum_count":0,"footnotes":""},"categories":[59,1],"tags":[],"class_list":["post-8033","post","type-post","status-publish","format-standard","has-post-thumbnail","hentry","category-grans","category-general"],"post_mailing_queue_ids":[],"_links":{"self":[{"href":"https:\/\/agora.xtec.cat\/ceip-agsantandreu\/wp-json\/wp\/v2\/posts\/8033","targetHints":{"allow":["GET"]}}],"collection":[{"href":"https:\/\/agora.xtec.cat\/ceip-agsantandreu\/wp-json\/wp\/v2\/posts"}],"about":[{"href":"https:\/\/agora.xtec.cat\/ceip-agsantandreu\/wp-json\/wp\/v2\/types\/post"}],"author":[{"embeddable":true,"href":"https:\/\/agora.xtec.cat\/ceip-agsantandreu\/wp-json\/wp\/v2\/users\/3"}],"replies":[{"embeddable":true,"href":"https:\/\/agora.xtec.cat\/ceip-agsantandreu\/wp-json\/wp\/v2\/comments?post=8033"}],"version-history":[{"count":2,"href":"https:\/\/agora.xtec.cat\/ceip-agsantandreu\/wp-json\/wp\/v2\/posts\/8033\/revisions"}],"predecessor-version":[{"id":8036,"href":"https:\/\/agora.xtec.cat\/ceip-agsantandreu\/wp-json\/wp\/v2\/posts\/8033\/revisions\/8036"}],"wp:featuredmedia":[{"embeddable":true,"href":"https:\/\/agora.xtec.cat\/ceip-agsantandreu\/wp-json\/wp\/v2\/media\/8034"}],"wp:attachment":[{"href":"https:\/\/agora.xtec.cat\/ceip-agsantandreu\/wp-json\/wp\/v2\/media?parent=8033"}],"wp:term":[{"taxonomy":"category","embeddable":true,"href":"https:\/\/agora.xtec.cat\/ceip-agsantandreu\/wp-json\/wp\/v2\/categories?post=8033"},{"taxonomy":"post_tag","embeddable":true,"href":"https:\/\/agora.xtec.cat\/ceip-agsantandreu\/wp-json\/wp\/v2\/tags?post=8033"}],"curies":[{"name":"wp","href":"https:\/\/api.w.org\/{rel}","templated":true}]}}