{"id":8027,"date":"2024-02-20T12:55:37","date_gmt":"2024-02-20T11:55:37","guid":{"rendered":"https:\/\/agora.xtec.cat\/ceip-agsantandreu\/?p=8027"},"modified":"2024-02-26T11:20:54","modified_gmt":"2024-02-26T10:20:54","slug":"sortida-de-3r-a-can-mercader","status":"publish","type":"post","link":"https:\/\/agora.xtec.cat\/ceip-agsantandreu\/general\/sortida-de-3r-a-can-mercader\/","title":{"rendered":"SORTIDA DE 3R A CAN MERCADER"},"content":{"rendered":"<p><a href=\"https:\/\/agora.xtec.cat\/ceip-agsantandreu\/wp-content\/uploads\/usu37\/2024\/02\/baixa.jpg\"><img loading=\"lazy\" decoding=\"async\" class=\"aligncenter size-full wp-image-8028\" src=\"https:\/\/agora.xtec.cat\/ceip-agsantandreu\/wp-content\/uploads\/usu37\/2024\/02\/baixa.jpg\" alt=\"\" width=\"299\" height=\"168\" \/><\/a><\/p>\n<p>Hola!<\/p>\n<p>Ahir vam passar un dia molt divertit al Parc de Can Mercader! Vam fer una activitat per explorar la natura: con\u00e8ixer els diferents tipus d&#8217;arbres, mesurar el so i el di\u00f2xid de carboni de l&#8217;ambient, parlar dels tipus d&#8217;aus&#8230;<\/p>\n<p>Tamb\u00e9 vam tenir una estona de cohesi\u00f3 de grup jugant al parc infantil i aprofitant el temps de lleure al m\u00e0xim!<\/p>\n<p><a href=\"https:\/\/photos.app.goo.gl\/xnRkASarXBfr96f89\">SORTIDA DE 3R A CAN MERCADER<\/a><\/p>\n","protected":false},"excerpt":{"rendered":"<p><a href=\"https:\/\/agora.xtec.cat\/ceip-agsantandreu\/wp-content\/uploads\/usu37\/2024\/02\/baixa.jpg\"><\/a><br \/>\nHola!<br \/>\nAhir vam passar un dia molt divertit al Parc de Can Mercader! Vam fer una activitat per explorar la natura: con\u00e8ixer els diferents tipus d&#8217;arbres, mesurar el so i el di\u00f2xid de carboni de l&#8217;ambient, parlar dels tipus d&#8217;aus&#8230;<br \/>\nTamb\u00e9 vam tenir una estona de&hellip;  <a href=\"https:\/\/agora.xtec.cat\/ceip-agsantandreu\/general\/sortida-de-3r-a-can-mercader\/\" title=\"Read SORTIDA DE 3R A CAN MERCADER\">Llegeix m\u00e9s\u00bb<\/a><\/p>\n","protected":false},"author":3,"featured_media":8028,"comment_status":"closed","ping_status":"closed","sticky":false,"template":"","format":"standard","meta":{"_bbp_topic_count":0,"_bbp_reply_count":0,"_bbp_total_topic_count":0,"_bbp_total_reply_count":0,"_bbp_voice_count":0,"_bbp_anonymous_reply_count":0,"_bbp_topic_count_hidden":0,"_bbp_reply_count_hidden":0,"_bbp_forum_subforum_count":0,"footnotes":""},"categories":[58,57,1],"tags":[],"class_list":["post-8027","post","type-post","status-publish","format-standard","has-post-thumbnail","hentry","category-mitjans-mitjans","category-comunitats","category-general"],"post_mailing_queue_ids":[],"_links":{"self":[{"href":"https:\/\/agora.xtec.cat\/ceip-agsantandreu\/wp-json\/wp\/v2\/posts\/8027","targetHints":{"allow":["GET"]}}],"collection":[{"href":"https:\/\/agora.xtec.cat\/ceip-agsantandreu\/wp-json\/wp\/v2\/posts"}],"about":[{"href":"https:\/\/agora.xtec.cat\/ceip-agsantandreu\/wp-json\/wp\/v2\/types\/post"}],"author":[{"embeddable":true,"href":"https:\/\/agora.xtec.cat\/ceip-agsantandreu\/wp-json\/wp\/v2\/users\/3"}],"replies":[{"embeddable":true,"href":"https:\/\/agora.xtec.cat\/ceip-agsantandreu\/wp-json\/wp\/v2\/comments?post=8027"}],"version-history":[{"count":2,"href":"https:\/\/agora.xtec.cat\/ceip-agsantandreu\/wp-json\/wp\/v2\/posts\/8027\/revisions"}],"predecessor-version":[{"id":8037,"href":"https:\/\/agora.xtec.cat\/ceip-agsantandreu\/wp-json\/wp\/v2\/posts\/8027\/revisions\/8037"}],"wp:featuredmedia":[{"embeddable":true,"href":"https:\/\/agora.xtec.cat\/ceip-agsantandreu\/wp-json\/wp\/v2\/media\/8028"}],"wp:attachment":[{"href":"https:\/\/agora.xtec.cat\/ceip-agsantandreu\/wp-json\/wp\/v2\/media?parent=8027"}],"wp:term":[{"taxonomy":"category","embeddable":true,"href":"https:\/\/agora.xtec.cat\/ceip-agsantandreu\/wp-json\/wp\/v2\/categories?post=8027"},{"taxonomy":"post_tag","embeddable":true,"href":"https:\/\/agora.xtec.cat\/ceip-agsantandreu\/wp-json\/wp\/v2\/tags?post=8027"}],"curies":[{"name":"wp","href":"https:\/\/api.w.org\/{rel}","templated":true}]}}