{"id":8009,"date":"2024-02-16T12:42:01","date_gmt":"2024-02-16T11:42:01","guid":{"rendered":"https:\/\/agora.xtec.cat\/ceip-agsantandreu\/?p=8009"},"modified":"2024-02-16T12:43:13","modified_gmt":"2024-02-16T11:43:13","slug":"miro-a-1r","status":"publish","type":"post","link":"https:\/\/agora.xtec.cat\/ceip-agsantandreu\/general\/miro-a-1r\/","title":{"rendered":"Mir\u00f3 a 1r"},"content":{"rendered":"<p>Al llarg de tot aquest trimestre els nens i nenes de primer treballarem sobre el fam\u00f3s pintor Joan Mir\u00f3. Hem pogut saber moltes coses sobre la seva obra i la seva vida gr\u00e0cies a totes les coses que els nens i nenes han portat de casa. Hem treballat la t\u00e8cnica del collage (L&#8217;Or de l&#8217;Azur) , la construcci\u00f3 en volum (Dona i ocell)\u00a0 i hem deixat anar la nostra imaginaci\u00f3 amb la creaci\u00f3 per parelles de la nostra pr\u00f2pia obra &#8220;mironiana&#8221;. Ara nom\u00e9s ens falta visitar la Fundaci\u00f3 Joan Mir\u00f3 a Barcelona la propera setmana. Tenim moltes ganes d&#8217;anar-hi!!. Aqu\u00ed us deixem unes fotos perqu\u00e8 pugeu veure tot el que hem fet!!<\/p>\n<p><a href=\"https:\/\/agora.xtec.cat\/ceip-agsantandreu\/wp-content\/uploads\/usu37\/2024\/02\/Sense-titol.png\"><img loading=\"lazy\" decoding=\"async\" class=\"size-full wp-image-8013 aligncenter\" src=\"https:\/\/agora.xtec.cat\/ceip-agsantandreu\/wp-content\/uploads\/usu37\/2024\/02\/Sense-titol.png\" alt=\"\" width=\"301\" height=\"165\" \/><\/a><\/p>\n<p><a href=\"https:\/\/photos.app.goo.gl\/9aETJjseKsMt4Poo8\" target=\"_blank\" rel=\"noopener\">\u00a0 \u00a0 \u00a0 \u00a0 \u00a0 \u00a0 \u00a0 \u00a0 \u00a0 \u00a0 \u00a0 \u00a0 \u00a0 \u00a0 \u00a0 \u00a0 \u00a0 \u00a0 \u00a0 \u00a0 \u00a0 \u00a0 \u00a0 \u00a0 \u00a0 \u00a0 \u00a0 \u00a0 \u00a0 \u00a0 \u00a0 \u00a0 \u00a0 \u00a0 \u00a0 \u00a0 \u00a0 \u00a0 \u00a0 \u00a0 \u00a0 \u00a0 \u00a0 \u00a0 \u00a0 \u00a0 \u00a0 \u00a0 \u00a0 \u00a0 \u00a0 \u00a0 \u00a0 \u00a0 \u00a0 \u00a0 \u00a0 \u00a0 \u00a0 \u00a0 \u00a0 \u00a0 \u00a0 \u00a0 \u00a0 \u00a0 \u00a0 \u00a0 \u00a0 \u00a0 \u00a0 \u00a0FOTOGRAFIES<\/a><\/p>\n","protected":false},"excerpt":{"rendered":"<p>Al llarg de tot aquest trimestre els nens i nenes de primer treballarem sobre el fam\u00f3s pintor Joan Mir\u00f3. Hem pogut saber moltes coses sobre la seva obra i la seva vida gr\u00e0cies a totes les coses que els nens i nenes han portat de&hellip;  <a href=\"https:\/\/agora.xtec.cat\/ceip-agsantandreu\/general\/miro-a-1r\/\" title=\"Read Mir\u00f3 a 1r\">Llegeix m\u00e9s\u00bb<\/a><\/p>\n","protected":false},"author":1,"featured_media":0,"comment_status":"closed","ping_status":"closed","sticky":false,"template":"","format":"standard","meta":{"_bbp_topic_count":0,"_bbp_reply_count":0,"_bbp_total_topic_count":0,"_bbp_total_reply_count":0,"_bbp_voice_count":0,"_bbp_anonymous_reply_count":0,"_bbp_topic_count_hidden":0,"_bbp_reply_count_hidden":0,"_bbp_forum_subforum_count":0,"footnotes":""},"categories":[5,1,4],"tags":[],"class_list":["post-8009","post","type-post","status-publish","format-standard","hentry","category-mitjans","category-general","category-portada"],"post_mailing_queue_ids":[],"_links":{"self":[{"href":"https:\/\/agora.xtec.cat\/ceip-agsantandreu\/wp-json\/wp\/v2\/posts\/8009","targetHints":{"allow":["GET"]}}],"collection":[{"href":"https:\/\/agora.xtec.cat\/ceip-agsantandreu\/wp-json\/wp\/v2\/posts"}],"about":[{"href":"https:\/\/agora.xtec.cat\/ceip-agsantandreu\/wp-json\/wp\/v2\/types\/post"}],"author":[{"embeddable":true,"href":"https:\/\/agora.xtec.cat\/ceip-agsantandreu\/wp-json\/wp\/v2\/users\/1"}],"replies":[{"embeddable":true,"href":"https:\/\/agora.xtec.cat\/ceip-agsantandreu\/wp-json\/wp\/v2\/comments?post=8009"}],"version-history":[{"count":3,"href":"https:\/\/agora.xtec.cat\/ceip-agsantandreu\/wp-json\/wp\/v2\/posts\/8009\/revisions"}],"predecessor-version":[{"id":8016,"href":"https:\/\/agora.xtec.cat\/ceip-agsantandreu\/wp-json\/wp\/v2\/posts\/8009\/revisions\/8016"}],"wp:attachment":[{"href":"https:\/\/agora.xtec.cat\/ceip-agsantandreu\/wp-json\/wp\/v2\/media?parent=8009"}],"wp:term":[{"taxonomy":"category","embeddable":true,"href":"https:\/\/agora.xtec.cat\/ceip-agsantandreu\/wp-json\/wp\/v2\/categories?post=8009"},{"taxonomy":"post_tag","embeddable":true,"href":"https:\/\/agora.xtec.cat\/ceip-agsantandreu\/wp-json\/wp\/v2\/tags?post=8009"}],"curies":[{"name":"wp","href":"https:\/\/api.w.org\/{rel}","templated":true}]}}