{"id":7988,"date":"2024-02-05T13:03:40","date_gmt":"2024-02-05T12:03:40","guid":{"rendered":"https:\/\/agora.xtec.cat\/ceip-agsantandreu\/?p=7988"},"modified":"2024-02-05T13:10:02","modified_gmt":"2024-02-05T12:10:02","slug":"palau-de-la-musica-de-barcelona-4t","status":"publish","type":"post","link":"https:\/\/agora.xtec.cat\/ceip-agsantandreu\/general\/palau-de-la-musica-de-barcelona-4t\/","title":{"rendered":"4t- Palau de la m\u00fasica de Barcelona"},"content":{"rendered":"<p>Els nens i nenes de 4t hem anat d&#8217;excursi\u00f3 a con\u00e8ixer el Palau de la m\u00fasica de Barcelona. All\u00e0, hem pogut gaudir de l&#8217;obra &#8220;Big Bang Beethoven&#8221;, una oportunitat per descobrir la m\u00fasica d&#8217;aquest compositor en una proposta esc\u00e8nica i musical meravellosa.<br \/>\nDespr\u00e9s, hem anat a dinar al parc de la Ciutadella, on hem pogut compartir una bonica estona de joc amb els amics.<\/p>\n<p>Ens ho hem passat d&#8217;all\u00f2 m\u00e9s b\u00e9!!!<\/p>\n<p><a href=\"https:\/\/agora.xtec.cat\/ceip-agsantandreu\/wp-content\/uploads\/usu37\/2024\/02\/IMG-20240202-WA0036.jpg\"><img loading=\"lazy\" decoding=\"async\" class=\"alignnone wp-image-7989\" src=\"https:\/\/agora.xtec.cat\/ceip-agsantandreu\/wp-content\/uploads\/usu37\/2024\/02\/IMG-20240202-WA0036-1024x1024.jpg\" alt=\"\" width=\"414\" height=\"414\" srcset=\"https:\/\/agora.xtec.cat\/ceip-agsantandreu\/wp-content\/uploads\/usu37\/2024\/02\/IMG-20240202-WA0036-1024x1024.jpg 1024w, https:\/\/agora.xtec.cat\/ceip-agsantandreu\/wp-content\/uploads\/usu37\/2024\/02\/IMG-20240202-WA0036-300x300.jpg 300w, https:\/\/agora.xtec.cat\/ceip-agsantandreu\/wp-content\/uploads\/usu37\/2024\/02\/IMG-20240202-WA0036-150x150.jpg 150w, https:\/\/agora.xtec.cat\/ceip-agsantandreu\/wp-content\/uploads\/usu37\/2024\/02\/IMG-20240202-WA0036-768x768.jpg 768w, https:\/\/agora.xtec.cat\/ceip-agsantandreu\/wp-content\/uploads\/usu37\/2024\/02\/IMG-20240202-WA0036.jpg 1500w\" sizes=\"auto, (max-width: 414px) 100vw, 414px\" \/>\u00a0<\/a><\/p>\n<p style=\"text-align: left\">\u00a0 \u00a0 \u00a0 \u00a0 \u00a0 \u00a0 \u00a0 \u00a0 \u00a0 \u00a0 \u00a0 \u00a0 \u00a0 \u00a0 \u00a0<a href=\"https:\/\/photos.app.goo.gl\/E8Ehqbb2xyRXSosx6\">FOTOGRAFIES<\/a><\/p>\n","protected":false},"excerpt":{"rendered":"<p>Els nens i nenes de 4t hem anat d&#8217;excursi\u00f3 a con\u00e8ixer el Palau de la m\u00fasica de Barcelona. All\u00e0, hem pogut gaudir de l&#8217;obra &#8220;Big Bang Beethoven&#8221;, una oportunitat per descobrir la m\u00fasica d&#8217;aquest compositor en una proposta esc\u00e8nica i musical meravellosa.<br \/>\nDespr\u00e9s, hem anat a&hellip;  <a href=\"https:\/\/agora.xtec.cat\/ceip-agsantandreu\/general\/palau-de-la-musica-de-barcelona-4t\/\" title=\"Read 4t- Palau de la m\u00fasica de Barcelona\">Llegeix m\u00e9s\u00bb<\/a><\/p>\n","protected":false},"author":3,"featured_media":0,"comment_status":"open","ping_status":"closed","sticky":false,"template":"","format":"standard","meta":{"_bbp_topic_count":0,"_bbp_reply_count":0,"_bbp_total_topic_count":0,"_bbp_total_reply_count":0,"_bbp_voice_count":0,"_bbp_anonymous_reply_count":0,"_bbp_topic_count_hidden":0,"_bbp_reply_count_hidden":0,"_bbp_forum_subforum_count":0,"footnotes":""},"categories":[1],"tags":[],"class_list":["post-7988","post","type-post","status-publish","format-standard","hentry","category-general"],"post_mailing_queue_ids":[],"_links":{"self":[{"href":"https:\/\/agora.xtec.cat\/ceip-agsantandreu\/wp-json\/wp\/v2\/posts\/7988","targetHints":{"allow":["GET"]}}],"collection":[{"href":"https:\/\/agora.xtec.cat\/ceip-agsantandreu\/wp-json\/wp\/v2\/posts"}],"about":[{"href":"https:\/\/agora.xtec.cat\/ceip-agsantandreu\/wp-json\/wp\/v2\/types\/post"}],"author":[{"embeddable":true,"href":"https:\/\/agora.xtec.cat\/ceip-agsantandreu\/wp-json\/wp\/v2\/users\/3"}],"replies":[{"embeddable":true,"href":"https:\/\/agora.xtec.cat\/ceip-agsantandreu\/wp-json\/wp\/v2\/comments?post=7988"}],"version-history":[{"count":6,"href":"https:\/\/agora.xtec.cat\/ceip-agsantandreu\/wp-json\/wp\/v2\/posts\/7988\/revisions"}],"predecessor-version":[{"id":7997,"href":"https:\/\/agora.xtec.cat\/ceip-agsantandreu\/wp-json\/wp\/v2\/posts\/7988\/revisions\/7997"}],"wp:attachment":[{"href":"https:\/\/agora.xtec.cat\/ceip-agsantandreu\/wp-json\/wp\/v2\/media?parent=7988"}],"wp:term":[{"taxonomy":"category","embeddable":true,"href":"https:\/\/agora.xtec.cat\/ceip-agsantandreu\/wp-json\/wp\/v2\/categories?post=7988"},{"taxonomy":"post_tag","embeddable":true,"href":"https:\/\/agora.xtec.cat\/ceip-agsantandreu\/wp-json\/wp\/v2\/tags?post=7988"}],"curies":[{"name":"wp","href":"https:\/\/api.w.org\/{rel}","templated":true}]}}