{"id":7979,"date":"2024-02-02T18:21:32","date_gmt":"2024-02-02T17:21:32","guid":{"rendered":"https:\/\/agora.xtec.cat\/ceip-agsantandreu\/?p=7979"},"modified":"2024-02-02T18:21:32","modified_gmt":"2024-02-02T17:21:32","slug":"arribada-carnestoltes-2","status":"publish","type":"post","link":"https:\/\/agora.xtec.cat\/ceip-agsantandreu\/general\/arribada-carnestoltes-2\/","title":{"rendered":"Arribada Carnestoltes"},"content":{"rendered":"<p>Avui ha arribat a l&#8217;escola el Sr Carnestoltes i l&#8217;hem rebut amb molta il\u00b7lusi\u00f3 i alegria. Els nens i nenes de 6\u00e8 han treballat de valent per a que tot sort\u00eds perfecte i tingu\u00e9s l&#8217;acollida que mereix.<\/p>\n<p>Ja tenim les consignes que hem de seguir durant tota la setmana i les haurem de complir si volem que torni l&#8217;any vinent!!<\/p>\n<p>Que comenci la gresca!!<a href=\"https:\/\/agora.xtec.cat\/ceip-agsantandreu\/wp-content\/uploads\/usu37\/2024\/02\/PORTADA.png\"><img loading=\"lazy\" decoding=\"async\" class=\"wp-image-7980 aligncenter\" src=\"https:\/\/agora.xtec.cat\/ceip-agsantandreu\/wp-content\/uploads\/usu37\/2024\/02\/PORTADA-1024x708.png\" alt=\"\" width=\"503\" height=\"348\" srcset=\"https:\/\/agora.xtec.cat\/ceip-agsantandreu\/wp-content\/uploads\/usu37\/2024\/02\/PORTADA-1024x708.png 1024w, https:\/\/agora.xtec.cat\/ceip-agsantandreu\/wp-content\/uploads\/usu37\/2024\/02\/PORTADA-300x207.png 300w, https:\/\/agora.xtec.cat\/ceip-agsantandreu\/wp-content\/uploads\/usu37\/2024\/02\/PORTADA-768x531.png 768w, https:\/\/agora.xtec.cat\/ceip-agsantandreu\/wp-content\/uploads\/usu37\/2024\/02\/PORTADA.png 1043w\" sizes=\"auto, (max-width: 503px) 100vw, 503px\" \/><\/a><\/p>\n<p style=\"text-align: center;\"><a href=\"https:\/\/photos.app.goo.gl\/DMDxVEsTY39bTu1Z7\" target=\"_blank\" rel=\"noopener\">FOTOGRAFIES<\/a><\/p>\n","protected":false},"excerpt":{"rendered":"<p>Avui ha arribat a l&#8217;escola el Sr Carnestoltes i l&#8217;hem rebut amb molta il\u00b7lusi\u00f3 i alegria. Els nens i nenes de 6\u00e8 han treballat de valent per a que tot sort\u00eds perfecte i tingu\u00e9s l&#8217;acollida que mereix.<br \/>\nJa tenim les consignes que hem de seguir durant&hellip;  <a href=\"https:\/\/agora.xtec.cat\/ceip-agsantandreu\/general\/arribada-carnestoltes-2\/\" title=\"Read Arribada Carnestoltes\">Llegeix m\u00e9s\u00bb<\/a><\/p>\n","protected":false},"author":1,"featured_media":0,"comment_status":"closed","ping_status":"closed","sticky":false,"template":"","format":"standard","meta":{"_bbp_topic_count":0,"_bbp_reply_count":0,"_bbp_total_topic_count":0,"_bbp_total_reply_count":0,"_bbp_voice_count":0,"_bbp_anonymous_reply_count":0,"_bbp_topic_count_hidden":0,"_bbp_reply_count_hidden":0,"_bbp_forum_subforum_count":0,"footnotes":""},"categories":[1,4],"tags":[],"class_list":["post-7979","post","type-post","status-publish","format-standard","hentry","category-general","category-portada"],"post_mailing_queue_ids":[],"_links":{"self":[{"href":"https:\/\/agora.xtec.cat\/ceip-agsantandreu\/wp-json\/wp\/v2\/posts\/7979","targetHints":{"allow":["GET"]}}],"collection":[{"href":"https:\/\/agora.xtec.cat\/ceip-agsantandreu\/wp-json\/wp\/v2\/posts"}],"about":[{"href":"https:\/\/agora.xtec.cat\/ceip-agsantandreu\/wp-json\/wp\/v2\/types\/post"}],"author":[{"embeddable":true,"href":"https:\/\/agora.xtec.cat\/ceip-agsantandreu\/wp-json\/wp\/v2\/users\/1"}],"replies":[{"embeddable":true,"href":"https:\/\/agora.xtec.cat\/ceip-agsantandreu\/wp-json\/wp\/v2\/comments?post=7979"}],"version-history":[{"count":3,"href":"https:\/\/agora.xtec.cat\/ceip-agsantandreu\/wp-json\/wp\/v2\/posts\/7979\/revisions"}],"predecessor-version":[{"id":7983,"href":"https:\/\/agora.xtec.cat\/ceip-agsantandreu\/wp-json\/wp\/v2\/posts\/7979\/revisions\/7983"}],"wp:attachment":[{"href":"https:\/\/agora.xtec.cat\/ceip-agsantandreu\/wp-json\/wp\/v2\/media?parent=7979"}],"wp:term":[{"taxonomy":"category","embeddable":true,"href":"https:\/\/agora.xtec.cat\/ceip-agsantandreu\/wp-json\/wp\/v2\/categories?post=7979"},{"taxonomy":"post_tag","embeddable":true,"href":"https:\/\/agora.xtec.cat\/ceip-agsantandreu\/wp-json\/wp\/v2\/tags?post=7979"}],"curies":[{"name":"wp","href":"https:\/\/api.w.org\/{rel}","templated":true}]}}