{"id":797,"date":"2017-10-20T13:07:35","date_gmt":"2017-10-20T11:07:35","guid":{"rendered":"http:\/\/agora.xtec.cat\/ceip-agsantandreu\/?p=797"},"modified":"2017-10-20T15:13:44","modified_gmt":"2017-10-20T13:13:44","slug":"campanya-tardor-2017-de-recollida-de-roba-usada-i-calcat","status":"publish","type":"post","link":"https:\/\/agora.xtec.cat\/ceip-agsantandreu\/portada\/campanya-tardor-2017-de-recollida-de-roba-usada-i-calcat\/","title":{"rendered":"Campanya tardor 2017 de recollida de roba usada i cal\u00e7at"},"content":{"rendered":"<p>Com altres cursos escolars, la nostra escola col\u00b7laborar\u00e0 amb la campanya de recollida de roba usada i cal\u00e7at que organitza GLORR Fundaci\u00f3.<\/p>\n<p>Podeu participar-hi aportant tot tipus de productes t\u00e8xtils (roba, cal\u00e7at, mantes,,,) que tingueu a casa i ja no feu servir, dins de la bossa que us farem\u00a0arribar, i deixar-la al vest\u00edbul de l&#8217;escola fins el dia 27\/10\/2017.<\/p>\n<p>Adjuntem la <a href=\"http:\/\/agora.xtec.cat\/ceip-agsantandreu\/wp-content\/uploads\/usu37\/2017\/10\/Carta-als-pares-CAT-tardor.pdf\">Carta de la Fundaci\u00f3<\/a>\u00a0adre\u00e7ada a les fam\u00edlies.<\/p>\n<p><a href=\"http:\/\/agora.xtec.cat\/ceip-agsantandreu\/wp-content\/uploads\/usu37\/2017\/10\/glorr.jpg\"><img loading=\"lazy\" decoding=\"async\" class=\"alignnone size-full wp-image-804\" src=\"http:\/\/agora.xtec.cat\/ceip-agsantandreu\/wp-content\/uploads\/usu37\/2017\/10\/glorr.jpg\" alt=\"\" width=\"381\" height=\"260\" srcset=\"https:\/\/agora.xtec.cat\/ceip-agsantandreu\/wp-content\/uploads\/usu37\/2017\/10\/glorr.jpg 381w, https:\/\/agora.xtec.cat\/ceip-agsantandreu\/wp-content\/uploads\/usu37\/2017\/10\/glorr-300x205.jpg 300w\" sizes=\"auto, (max-width: 381px) 100vw, 381px\" \/><\/a><\/p>\n","protected":false},"excerpt":{"rendered":"<p>Com altres cursos escolars, la nostra escola col\u00b7laborar\u00e0 amb la campanya de recollida de roba usada i cal\u00e7at que organitza GLORR Fundaci\u00f3.<br \/>\nPodeu participar-hi aportant tot tipus de productes t\u00e8xtils (roba, cal\u00e7at, mantes,,,) que tingueu a casa i ja no feu servir, dins de la bossa&hellip;  <a href=\"https:\/\/agora.xtec.cat\/ceip-agsantandreu\/portada\/campanya-tardor-2017-de-recollida-de-roba-usada-i-calcat\/\" title=\"Read Campanya tardor 2017 de recollida de roba usada i cal\u00e7at\">Llegeix m\u00e9s\u00bb<\/a><\/p>\n","protected":false},"author":1,"featured_media":0,"comment_status":"closed","ping_status":"closed","sticky":false,"template":"","format":"standard","meta":{"_bbp_topic_count":0,"_bbp_reply_count":0,"_bbp_total_topic_count":0,"_bbp_total_reply_count":0,"_bbp_voice_count":0,"_bbp_anonymous_reply_count":0,"_bbp_topic_count_hidden":0,"_bbp_reply_count_hidden":0,"_bbp_forum_subforum_count":0,"footnotes":""},"categories":[4],"tags":[],"class_list":["post-797","post","type-post","status-publish","format-standard","hentry","category-portada"],"post_mailing_queue_ids":[],"_links":{"self":[{"href":"https:\/\/agora.xtec.cat\/ceip-agsantandreu\/wp-json\/wp\/v2\/posts\/797","targetHints":{"allow":["GET"]}}],"collection":[{"href":"https:\/\/agora.xtec.cat\/ceip-agsantandreu\/wp-json\/wp\/v2\/posts"}],"about":[{"href":"https:\/\/agora.xtec.cat\/ceip-agsantandreu\/wp-json\/wp\/v2\/types\/post"}],"author":[{"embeddable":true,"href":"https:\/\/agora.xtec.cat\/ceip-agsantandreu\/wp-json\/wp\/v2\/users\/1"}],"replies":[{"embeddable":true,"href":"https:\/\/agora.xtec.cat\/ceip-agsantandreu\/wp-json\/wp\/v2\/comments?post=797"}],"version-history":[{"count":3,"href":"https:\/\/agora.xtec.cat\/ceip-agsantandreu\/wp-json\/wp\/v2\/posts\/797\/revisions"}],"predecessor-version":[{"id":809,"href":"https:\/\/agora.xtec.cat\/ceip-agsantandreu\/wp-json\/wp\/v2\/posts\/797\/revisions\/809"}],"wp:attachment":[{"href":"https:\/\/agora.xtec.cat\/ceip-agsantandreu\/wp-json\/wp\/v2\/media?parent=797"}],"wp:term":[{"taxonomy":"category","embeddable":true,"href":"https:\/\/agora.xtec.cat\/ceip-agsantandreu\/wp-json\/wp\/v2\/categories?post=797"},{"taxonomy":"post_tag","embeddable":true,"href":"https:\/\/agora.xtec.cat\/ceip-agsantandreu\/wp-json\/wp\/v2\/tags?post=797"}],"curies":[{"name":"wp","href":"https:\/\/api.w.org\/{rel}","templated":true}]}}