{"id":7956,"date":"2024-01-29T13:19:58","date_gmt":"2024-01-29T12:19:58","guid":{"rendered":"https:\/\/agora.xtec.cat\/ceip-agsantandreu\/?p=7956"},"modified":"2025-03-06T10:16:19","modified_gmt":"2025-03-06T09:16:19","slug":"4t-la-respiracio-i-la-digestio","status":"publish","type":"post","link":"https:\/\/agora.xtec.cat\/ceip-agsantandreu\/general\/4t-la-respiracio-i-la-digestio\/","title":{"rendered":"4t- La respiraci\u00f3 i la digesti\u00f3"},"content":{"rendered":"<p>Comencem un nou itinerari de medi dedicat a la respiraci\u00f3 i la digesti\u00f3. En aquesta ocasi\u00f3, els i les alumnes de 4t investiguen en parelles sobre les diferents parts que conformen l&#8217;aparell respiratori per tal d&#8217;entendre millor com funciona i compartir tot el que han descobert amb la resta de companys\/es.<\/p>\n<p style=\"text-align: center;\"><strong><a href=\"https:\/\/photos.app.goo.gl\/BzaxRq7E6RUVjZkC9\">FOTOGRAFIES<\/a><\/strong><a href=\"https:\/\/agora.xtec.cat\/ceip-agsantandreu\/wp-content\/uploads\/usu37\/2024\/01\/IMG-20240129-WA0016.jpg\" target=\"_blank\" rel=\"noopener\"><img loading=\"lazy\" decoding=\"async\" class=\"aligncenter wp-image-7957 size-large\" src=\"https:\/\/agora.xtec.cat\/ceip-agsantandreu\/wp-content\/uploads\/usu37\/2024\/01\/IMG-20240129-WA0016-1024x1024.jpg\" alt=\"\" width=\"1024\" height=\"1024\" srcset=\"https:\/\/agora.xtec.cat\/ceip-agsantandreu\/wp-content\/uploads\/usu37\/2024\/01\/IMG-20240129-WA0016-1024x1024.jpg 1024w, https:\/\/agora.xtec.cat\/ceip-agsantandreu\/wp-content\/uploads\/usu37\/2024\/01\/IMG-20240129-WA0016-300x300.jpg 300w, https:\/\/agora.xtec.cat\/ceip-agsantandreu\/wp-content\/uploads\/usu37\/2024\/01\/IMG-20240129-WA0016-150x150.jpg 150w, https:\/\/agora.xtec.cat\/ceip-agsantandreu\/wp-content\/uploads\/usu37\/2024\/01\/IMG-20240129-WA0016-768x768.jpg 768w, https:\/\/agora.xtec.cat\/ceip-agsantandreu\/wp-content\/uploads\/usu37\/2024\/01\/IMG-20240129-WA0016.jpg 1500w\" sizes=\"auto, (max-width: 1024px) 100vw, 1024px\" \/><\/a><\/p>\n","protected":false},"excerpt":{"rendered":"<p>Comencem un nou itinerari de medi dedicat a la respiraci\u00f3 i la digesti\u00f3. En aquesta ocasi\u00f3, els i les alumnes de 4t investiguen en parelles sobre les diferents parts que conformen l&#8217;aparell respiratori per tal d&#8217;entendre millor com funciona i compartir tot el que han&hellip;  <a href=\"https:\/\/agora.xtec.cat\/ceip-agsantandreu\/general\/4t-la-respiracio-i-la-digestio\/\" title=\"Read 4t- La respiraci\u00f3 i la digesti\u00f3\">Llegeix m\u00e9s\u00bb<\/a><\/p>\n","protected":false},"author":3,"featured_media":0,"comment_status":"closed","ping_status":"closed","sticky":false,"template":"","format":"standard","meta":{"_bbp_topic_count":0,"_bbp_reply_count":0,"_bbp_total_topic_count":0,"_bbp_total_reply_count":0,"_bbp_voice_count":0,"_bbp_anonymous_reply_count":0,"_bbp_topic_count_hidden":0,"_bbp_reply_count_hidden":0,"_bbp_forum_subforum_count":0,"footnotes":""},"categories":[58,1,4],"tags":[],"class_list":["post-7956","post","type-post","status-publish","format-standard","hentry","category-mitjans-mitjans","category-general","category-portada"],"post_mailing_queue_ids":[],"_links":{"self":[{"href":"https:\/\/agora.xtec.cat\/ceip-agsantandreu\/wp-json\/wp\/v2\/posts\/7956","targetHints":{"allow":["GET"]}}],"collection":[{"href":"https:\/\/agora.xtec.cat\/ceip-agsantandreu\/wp-json\/wp\/v2\/posts"}],"about":[{"href":"https:\/\/agora.xtec.cat\/ceip-agsantandreu\/wp-json\/wp\/v2\/types\/post"}],"author":[{"embeddable":true,"href":"https:\/\/agora.xtec.cat\/ceip-agsantandreu\/wp-json\/wp\/v2\/users\/3"}],"replies":[{"embeddable":true,"href":"https:\/\/agora.xtec.cat\/ceip-agsantandreu\/wp-json\/wp\/v2\/comments?post=7956"}],"version-history":[{"count":6,"href":"https:\/\/agora.xtec.cat\/ceip-agsantandreu\/wp-json\/wp\/v2\/posts\/7956\/revisions"}],"predecessor-version":[{"id":8772,"href":"https:\/\/agora.xtec.cat\/ceip-agsantandreu\/wp-json\/wp\/v2\/posts\/7956\/revisions\/8772"}],"wp:attachment":[{"href":"https:\/\/agora.xtec.cat\/ceip-agsantandreu\/wp-json\/wp\/v2\/media?parent=7956"}],"wp:term":[{"taxonomy":"category","embeddable":true,"href":"https:\/\/agora.xtec.cat\/ceip-agsantandreu\/wp-json\/wp\/v2\/categories?post=7956"},{"taxonomy":"post_tag","embeddable":true,"href":"https:\/\/agora.xtec.cat\/ceip-agsantandreu\/wp-json\/wp\/v2\/tags?post=7956"}],"curies":[{"name":"wp","href":"https:\/\/api.w.org\/{rel}","templated":true}]}}