{"id":7933,"date":"2024-01-26T12:04:16","date_gmt":"2024-01-26T11:04:16","guid":{"rendered":"https:\/\/agora.xtec.cat\/ceip-agsantandreu\/?p=7933"},"modified":"2024-01-26T13:52:32","modified_gmt":"2024-01-26T12:52:32","slug":"aprenem-manipulant","status":"publish","type":"post","link":"https:\/\/agora.xtec.cat\/ceip-agsantandreu\/general\/aprenem-manipulant\/","title":{"rendered":"APRENEM MANIPULANT"},"content":{"rendered":"<p><a href=\"https:\/\/agora.xtec.cat\/ceip-agsantandreu\/wp-content\/uploads\/usu37\/2024\/01\/Sin-titulo.png\"><img loading=\"lazy\" decoding=\"async\" class=\"wp-image-7934 aligncenter\" src=\"https:\/\/agora.xtec.cat\/ceip-agsantandreu\/wp-content\/uploads\/usu37\/2024\/01\/Sin-titulo.png\" alt=\"\" width=\"219\" height=\"234\" srcset=\"https:\/\/agora.xtec.cat\/ceip-agsantandreu\/wp-content\/uploads\/usu37\/2024\/01\/Sin-titulo.png 795w, https:\/\/agora.xtec.cat\/ceip-agsantandreu\/wp-content\/uploads\/usu37\/2024\/01\/Sin-titulo-280x300.png 280w, https:\/\/agora.xtec.cat\/ceip-agsantandreu\/wp-content\/uploads\/usu37\/2024\/01\/Sin-titulo-768x823.png 768w\" sizes=\"auto, (max-width: 219px) 100vw, 219px\" \/><\/a>Hola!!!!<\/p>\n<p>Els nens i nenes de tercer hem comen\u00e7at el trimestre treballant de valent!<\/p>\n<p>Durant aquestes setmanes hem treballat l&#8217;aparell locomotor en profunditat, crenat uns esquelets per situar-hi els m\u00fasculs i els ossos. D&#8217;aquesta manera, hem apr\u00e8s d&#8217;una forma molt divertida com ens movem i la import\u00e0ncia de cuidar el nostre cos.<\/p>\n<p>Per altra banda, hem treballat els tipus d&#8217;angles i la seva mesura utilitzant el transportador, el regle, la plastilina&#8230; i aix\u00ed, fent-nos uns experts en aquest contingut.<\/p>\n<p>Mireu mireu!<\/p>\n<p><a href=\"https:\/\/photos.app.goo.gl\/okP7WyDyJYMFspcE9\">APRENEM MANIPULANT<\/a><\/p>\n","protected":false},"excerpt":{"rendered":"<p><a href=\"https:\/\/agora.xtec.cat\/ceip-agsantandreu\/wp-content\/uploads\/usu37\/2024\/01\/Sin-titulo.png\"><\/a>Hola!!!!<br \/>\nEls nens i nenes de tercer hem comen\u00e7at el trimestre treballant de valent!<br \/>\nDurant aquestes setmanes hem treballat l&#8217;aparell locomotor en profunditat, crenat uns esquelets per situar-hi els m\u00fasculs i els ossos. D&#8217;aquesta manera, hem apr\u00e8s d&#8217;una forma molt divertida com ens movem i la&hellip;  <a href=\"https:\/\/agora.xtec.cat\/ceip-agsantandreu\/general\/aprenem-manipulant\/\" title=\"Read APRENEM MANIPULANT\">Llegeix m\u00e9s\u00bb<\/a><\/p>\n","protected":false},"author":3,"featured_media":7934,"comment_status":"closed","ping_status":"closed","sticky":false,"template":"","format":"standard","meta":{"_bbp_topic_count":0,"_bbp_reply_count":0,"_bbp_total_topic_count":0,"_bbp_total_reply_count":0,"_bbp_voice_count":0,"_bbp_anonymous_reply_count":0,"_bbp_topic_count_hidden":0,"_bbp_reply_count_hidden":0,"_bbp_forum_subforum_count":0,"footnotes":""},"categories":[58,1],"tags":[],"class_list":["post-7933","post","type-post","status-publish","format-standard","has-post-thumbnail","hentry","category-mitjans-mitjans","category-general"],"post_mailing_queue_ids":[],"_links":{"self":[{"href":"https:\/\/agora.xtec.cat\/ceip-agsantandreu\/wp-json\/wp\/v2\/posts\/7933","targetHints":{"allow":["GET"]}}],"collection":[{"href":"https:\/\/agora.xtec.cat\/ceip-agsantandreu\/wp-json\/wp\/v2\/posts"}],"about":[{"href":"https:\/\/agora.xtec.cat\/ceip-agsantandreu\/wp-json\/wp\/v2\/types\/post"}],"author":[{"embeddable":true,"href":"https:\/\/agora.xtec.cat\/ceip-agsantandreu\/wp-json\/wp\/v2\/users\/3"}],"replies":[{"embeddable":true,"href":"https:\/\/agora.xtec.cat\/ceip-agsantandreu\/wp-json\/wp\/v2\/comments?post=7933"}],"version-history":[{"count":4,"href":"https:\/\/agora.xtec.cat\/ceip-agsantandreu\/wp-json\/wp\/v2\/posts\/7933\/revisions"}],"predecessor-version":[{"id":7938,"href":"https:\/\/agora.xtec.cat\/ceip-agsantandreu\/wp-json\/wp\/v2\/posts\/7933\/revisions\/7938"}],"wp:featuredmedia":[{"embeddable":true,"href":"https:\/\/agora.xtec.cat\/ceip-agsantandreu\/wp-json\/wp\/v2\/media\/7934"}],"wp:attachment":[{"href":"https:\/\/agora.xtec.cat\/ceip-agsantandreu\/wp-json\/wp\/v2\/media?parent=7933"}],"wp:term":[{"taxonomy":"category","embeddable":true,"href":"https:\/\/agora.xtec.cat\/ceip-agsantandreu\/wp-json\/wp\/v2\/categories?post=7933"},{"taxonomy":"post_tag","embeddable":true,"href":"https:\/\/agora.xtec.cat\/ceip-agsantandreu\/wp-json\/wp\/v2\/tags?post=7933"}],"curies":[{"name":"wp","href":"https:\/\/api.w.org\/{rel}","templated":true}]}}