{"id":7907,"date":"2023-12-20T12:50:58","date_gmt":"2023-12-20T11:50:58","guid":{"rendered":"https:\/\/agora.xtec.cat\/ceip-agsantandreu\/?p=7907"},"modified":"2023-12-27T11:11:03","modified_gmt":"2023-12-27T10:11:03","slug":"nadal-a-1r-cicle","status":"publish","type":"post","link":"https:\/\/agora.xtec.cat\/ceip-agsantandreu\/general\/nadal-a-1r-cicle\/","title":{"rendered":"Nadal a 1r cicle"},"content":{"rendered":"<p>&nbsp;<\/p>\n<p><a href=\"https:\/\/agora.xtec.cat\/ceip-agsantandreu\/wp-content\/uploads\/usu37\/2023\/12\/d7f21713-6b70-4d1a-b367-7a14d4f2f5cd.jpg\"><img loading=\"lazy\" decoding=\"async\" class=\"wp-image-7910 aligncenter\" src=\"https:\/\/agora.xtec.cat\/ceip-agsantandreu\/wp-content\/uploads\/usu37\/2023\/12\/d7f21713-6b70-4d1a-b367-7a14d4f2f5cd-1024x768.jpg\" alt=\"\" width=\"310\" height=\"233\" srcset=\"https:\/\/agora.xtec.cat\/ceip-agsantandreu\/wp-content\/uploads\/usu37\/2023\/12\/d7f21713-6b70-4d1a-b367-7a14d4f2f5cd-1024x768.jpg 1024w, https:\/\/agora.xtec.cat\/ceip-agsantandreu\/wp-content\/uploads\/usu37\/2023\/12\/d7f21713-6b70-4d1a-b367-7a14d4f2f5cd-300x225.jpg 300w, https:\/\/agora.xtec.cat\/ceip-agsantandreu\/wp-content\/uploads\/usu37\/2023\/12\/d7f21713-6b70-4d1a-b367-7a14d4f2f5cd-768x576.jpg 768w, https:\/\/agora.xtec.cat\/ceip-agsantandreu\/wp-content\/uploads\/usu37\/2023\/12\/d7f21713-6b70-4d1a-b367-7a14d4f2f5cd-1536x1152.jpg 1536w, https:\/\/agora.xtec.cat\/ceip-agsantandreu\/wp-content\/uploads\/usu37\/2023\/12\/d7f21713-6b70-4d1a-b367-7a14d4f2f5cd-200x150.jpg 200w, https:\/\/agora.xtec.cat\/ceip-agsantandreu\/wp-content\/uploads\/usu37\/2023\/12\/d7f21713-6b70-4d1a-b367-7a14d4f2f5cd.jpg 2000w\" sizes=\"auto, (max-width: 310px) 100vw, 310px\" \/><\/a><\/p>\n<p>Aquesta setmana els nens i nenes de primer cicle hem gaudit molt\u00edssim!!<\/p>\n<p>Ha vingut el patge i li hem donat la carta pels Reis Mags d&#8217;Orient&#8230; Esperem que ens portin tots els regals que hem demanat per l&#8217;aula. Tamb\u00e9 hem cantat les nadales i hem menjat xocolata amb melindros. Seguidament, hem picat el Ti\u00f3 i ens ho hem passat d&#8217;all\u00f2 m\u00e9s b\u00e9!!!<\/p>\n<p>Esperem que tingueu unes bones festes i feli\u00e7 2024!!!<\/p>\n<p><a href=\"https:\/\/photos.app.goo.gl\/u15JL3bgTUkXdiU88\">Imatges<\/a><\/p>\n<p>&nbsp;<\/p>\n","protected":false},"excerpt":{"rendered":"<p>&nbsp;<br \/>\n<a href=\"https:\/\/agora.xtec.cat\/ceip-agsantandreu\/wp-content\/uploads\/usu37\/2023\/12\/d7f21713-6b70-4d1a-b367-7a14d4f2f5cd.jpg\"><\/a><br \/>\nAquesta setmana els nens i nenes de primer cicle hem gaudit molt\u00edssim!!<br \/>\nHa vingut el patge i li hem donat la carta pels Reis Mags d&#8217;Orient&#8230; Esperem que ens portin tots els regals que hem demanat per l&#8217;aula. Tamb\u00e9 hem cantat les nadales i hem&hellip;  <a href=\"https:\/\/agora.xtec.cat\/ceip-agsantandreu\/general\/nadal-a-1r-cicle\/\" title=\"Read Nadal a 1r cicle\">Llegeix m\u00e9s\u00bb<\/a><\/p>\n","protected":false},"author":3,"featured_media":0,"comment_status":"closed","ping_status":"closed","sticky":false,"template":"","format":"standard","meta":{"_bbp_topic_count":0,"_bbp_reply_count":0,"_bbp_total_topic_count":0,"_bbp_total_reply_count":0,"_bbp_voice_count":0,"_bbp_anonymous_reply_count":0,"_bbp_topic_count_hidden":0,"_bbp_reply_count_hidden":0,"_bbp_forum_subforum_count":0,"footnotes":""},"categories":[5,1,4],"tags":[],"class_list":["post-7907","post","type-post","status-publish","format-standard","hentry","category-mitjans","category-general","category-portada"],"post_mailing_queue_ids":[],"_links":{"self":[{"href":"https:\/\/agora.xtec.cat\/ceip-agsantandreu\/wp-json\/wp\/v2\/posts\/7907","targetHints":{"allow":["GET"]}}],"collection":[{"href":"https:\/\/agora.xtec.cat\/ceip-agsantandreu\/wp-json\/wp\/v2\/posts"}],"about":[{"href":"https:\/\/agora.xtec.cat\/ceip-agsantandreu\/wp-json\/wp\/v2\/types\/post"}],"author":[{"embeddable":true,"href":"https:\/\/agora.xtec.cat\/ceip-agsantandreu\/wp-json\/wp\/v2\/users\/3"}],"replies":[{"embeddable":true,"href":"https:\/\/agora.xtec.cat\/ceip-agsantandreu\/wp-json\/wp\/v2\/comments?post=7907"}],"version-history":[{"count":4,"href":"https:\/\/agora.xtec.cat\/ceip-agsantandreu\/wp-json\/wp\/v2\/posts\/7907\/revisions"}],"predecessor-version":[{"id":7914,"href":"https:\/\/agora.xtec.cat\/ceip-agsantandreu\/wp-json\/wp\/v2\/posts\/7907\/revisions\/7914"}],"wp:attachment":[{"href":"https:\/\/agora.xtec.cat\/ceip-agsantandreu\/wp-json\/wp\/v2\/media?parent=7907"}],"wp:term":[{"taxonomy":"category","embeddable":true,"href":"https:\/\/agora.xtec.cat\/ceip-agsantandreu\/wp-json\/wp\/v2\/categories?post=7907"},{"taxonomy":"post_tag","embeddable":true,"href":"https:\/\/agora.xtec.cat\/ceip-agsantandreu\/wp-json\/wp\/v2\/tags?post=7907"}],"curies":[{"name":"wp","href":"https:\/\/api.w.org\/{rel}","templated":true}]}}