{"id":7887,"date":"2023-12-20T10:46:52","date_gmt":"2023-12-20T09:46:52","guid":{"rendered":"https:\/\/agora.xtec.cat\/ceip-agsantandreu\/?p=7887"},"modified":"2023-12-20T14:27:52","modified_gmt":"2023-12-20T13:27:52","slug":"nadal-2023-a-educacio-infantil","status":"publish","type":"post","link":"https:\/\/agora.xtec.cat\/ceip-agsantandreu\/general\/nadal-2023-a-educacio-infantil\/","title":{"rendered":"Nadal 2023 a Educaci\u00f3 Infantil"},"content":{"rendered":"<p>A continuaci\u00f3 teniu una petita mostra de les activitats que hem realitzat a Educaci\u00f3 Infantil aquests \u00faltims d\u00edes de trimestre: Visita del Patge Reial,\u00a0 Xocolatada i Caga Ti\u00f3.<\/p>\n<p>Per veure les fotos cliqueu a sobre de la felicitaci\u00f3 corresponent.<\/p>\n<p><strong>BONES FESTES!!<\/strong><\/p>\n<p><a href=\"https:\/\/photos.app.goo.gl\/hSqhXo3gQcsxV4kF7\"><img loading=\"lazy\" decoding=\"async\" class=\" wp-image-7890 alignleft\" src=\"https:\/\/agora.xtec.cat\/ceip-agsantandreu\/wp-content\/uploads\/usu37\/2023\/12\/20231212_113225.jpg\" alt=\"\" width=\"146\" height=\"205\" srcset=\"https:\/\/agora.xtec.cat\/ceip-agsantandreu\/wp-content\/uploads\/usu37\/2023\/12\/20231212_113225.jpg 569w, https:\/\/agora.xtec.cat\/ceip-agsantandreu\/wp-content\/uploads\/usu37\/2023\/12\/20231212_113225-213x300.jpg 213w\" sizes=\"auto, (max-width: 146px) 100vw, 146px\" \/><\/a><\/p>\n<p><a href=\"https:\/\/photos.app.goo.gl\/ncLHhNnsyQgebrCM8\"><img loading=\"lazy\" decoding=\"async\" class=\"alignnone wp-image-7891\" src=\"https:\/\/agora.xtec.cat\/ceip-agsantandreu\/wp-content\/uploads\/usu37\/2023\/12\/20231212_130508.jpg\" alt=\"\" width=\"147\" height=\"206\" srcset=\"https:\/\/agora.xtec.cat\/ceip-agsantandreu\/wp-content\/uploads\/usu37\/2023\/12\/20231212_130508.jpg 572w, https:\/\/agora.xtec.cat\/ceip-agsantandreu\/wp-content\/uploads\/usu37\/2023\/12\/20231212_130508-215x300.jpg 215w\" sizes=\"auto, (max-width: 147px) 100vw, 147px\" \/><\/a><a href=\"https:\/\/agora.xtec.cat\/ceip-agsantandreu\/wp-content\/uploads\/usu37\/2023\/12\/20231212_130508.jpg\">\u00a0 \u00a0 <\/a><a href=\"https:\/\/photos.app.goo.gl\/vKUTDwMDQneTfuJE7\"><img loading=\"lazy\" decoding=\"async\" class=\"alignnone wp-image-7888\" src=\"https:\/\/agora.xtec.cat\/ceip-agsantandreu\/wp-content\/uploads\/usu37\/2023\/12\/20231212_125959.jpg\" alt=\"\" width=\"153\" height=\"215\" srcset=\"https:\/\/agora.xtec.cat\/ceip-agsantandreu\/wp-content\/uploads\/usu37\/2023\/12\/20231212_125959.jpg 569w, https:\/\/agora.xtec.cat\/ceip-agsantandreu\/wp-content\/uploads\/usu37\/2023\/12\/20231212_125959-213x300.jpg 213w\" sizes=\"auto, (max-width: 153px) 100vw, 153px\" \/><\/a><\/p>\n","protected":false},"excerpt":{"rendered":"<p>A continuaci\u00f3 teniu una petita mostra de les activitats que hem realitzat a Educaci\u00f3 Infantil aquests \u00faltims d\u00edes de trimestre: Visita del Patge Reial,\u00a0 Xocolatada i Caga Ti\u00f3.<br \/>\nPer veure les fotos cliqueu a sobre de la felicitaci\u00f3 corresponent.<br \/>\nBONES FESTES!!<br \/>\n<a href=\"https:\/\/photos.app.goo.gl\/hSqhXo3gQcsxV4kF7\"><\/a><br \/>\n<a href=\"https:\/\/photos.app.goo.gl\/ncLHhNnsyQgebrCM8\"><\/a><a href=\"https:\/\/agora.xtec.cat\/ceip-agsantandreu\/wp-content\/uploads\/usu37\/2023\/12\/20231212_130508.jpg\">\u00a0 \u00a0 <\/a><a href=\"https:\/\/photos.app.goo.gl\/vKUTDwMDQneTfuJE7\"><\/a><\/p>\n","protected":false},"author":3,"featured_media":0,"comment_status":"closed","ping_status":"closed","sticky":false,"template":"","format":"standard","meta":{"_bbp_topic_count":0,"_bbp_reply_count":0,"_bbp_total_topic_count":0,"_bbp_total_reply_count":0,"_bbp_voice_count":0,"_bbp_anonymous_reply_count":0,"_bbp_topic_count_hidden":0,"_bbp_reply_count_hidden":0,"_bbp_forum_subforum_count":0,"footnotes":""},"categories":[2,1,4],"tags":[],"class_list":["post-7887","post","type-post","status-publish","format-standard","hentry","category-petits","category-general","category-portada"],"post_mailing_queue_ids":[],"_links":{"self":[{"href":"https:\/\/agora.xtec.cat\/ceip-agsantandreu\/wp-json\/wp\/v2\/posts\/7887","targetHints":{"allow":["GET"]}}],"collection":[{"href":"https:\/\/agora.xtec.cat\/ceip-agsantandreu\/wp-json\/wp\/v2\/posts"}],"about":[{"href":"https:\/\/agora.xtec.cat\/ceip-agsantandreu\/wp-json\/wp\/v2\/types\/post"}],"author":[{"embeddable":true,"href":"https:\/\/agora.xtec.cat\/ceip-agsantandreu\/wp-json\/wp\/v2\/users\/3"}],"replies":[{"embeddable":true,"href":"https:\/\/agora.xtec.cat\/ceip-agsantandreu\/wp-json\/wp\/v2\/comments?post=7887"}],"version-history":[{"count":6,"href":"https:\/\/agora.xtec.cat\/ceip-agsantandreu\/wp-json\/wp\/v2\/posts\/7887\/revisions"}],"predecessor-version":[{"id":7921,"href":"https:\/\/agora.xtec.cat\/ceip-agsantandreu\/wp-json\/wp\/v2\/posts\/7887\/revisions\/7921"}],"wp:attachment":[{"href":"https:\/\/agora.xtec.cat\/ceip-agsantandreu\/wp-json\/wp\/v2\/media?parent=7887"}],"wp:term":[{"taxonomy":"category","embeddable":true,"href":"https:\/\/agora.xtec.cat\/ceip-agsantandreu\/wp-json\/wp\/v2\/categories?post=7887"},{"taxonomy":"post_tag","embeddable":true,"href":"https:\/\/agora.xtec.cat\/ceip-agsantandreu\/wp-json\/wp\/v2\/tags?post=7887"}],"curies":[{"name":"wp","href":"https:\/\/api.w.org\/{rel}","templated":true}]}}