{"id":7864,"date":"2023-12-12T10:00:13","date_gmt":"2023-12-12T09:00:13","guid":{"rendered":"https:\/\/agora.xtec.cat\/ceip-agsantandreu\/?p=7864"},"modified":"2023-12-11T22:35:17","modified_gmt":"2023-12-11T21:35:17","slug":"arriba-el-tio-a-educacio-infantil","status":"publish","type":"post","link":"https:\/\/agora.xtec.cat\/ceip-agsantandreu\/general\/arriba-el-tio-a-educacio-infantil\/","title":{"rendered":"Arriba el TI\u00d3 a Educaci\u00f3 Infantil!"},"content":{"rendered":"<p>Ahir, despr\u00e9s del pati, els nens i nenes d&#8217;Educaci\u00f3 Infantil van anar a buscar el Ti\u00f3. Van pujar per la rampa de la pista i all\u00e0 a la muntanya, sota els pins&#8230; SORPRESA!!! , van trobar molts tions amagats. Cada grup va agafar el seu Ti\u00f3 i el va portar a la classe.<\/p>\n<p>Ara els abrigarem b\u00e9 i els donarem molt menjar i aigua. Si els cuidem b\u00e9, segur que engreixaran molt i ens cagaran alguna coseta!<\/p>\n<p style=\"text-align: center\"><a href=\"https:\/\/agora.xtec.cat\/ceip-agsantandreu\/wp-content\/uploads\/usu37\/2023\/12\/IMG-20231211-WA0026-copia.jpg\"><img loading=\"lazy\" decoding=\"async\" class=\"wp-image-7870 aligncenter\" src=\"https:\/\/agora.xtec.cat\/ceip-agsantandreu\/wp-content\/uploads\/usu37\/2023\/12\/IMG-20231211-WA0026-copia-1024x772.jpg\" alt=\"\" width=\"672\" height=\"507\" srcset=\"https:\/\/agora.xtec.cat\/ceip-agsantandreu\/wp-content\/uploads\/usu37\/2023\/12\/IMG-20231211-WA0026-copia-1024x772.jpg 1024w, https:\/\/agora.xtec.cat\/ceip-agsantandreu\/wp-content\/uploads\/usu37\/2023\/12\/IMG-20231211-WA0026-copia-300x226.jpg 300w, https:\/\/agora.xtec.cat\/ceip-agsantandreu\/wp-content\/uploads\/usu37\/2023\/12\/IMG-20231211-WA0026-copia-768x579.jpg 768w, https:\/\/agora.xtec.cat\/ceip-agsantandreu\/wp-content\/uploads\/usu37\/2023\/12\/IMG-20231211-WA0026-copia-1536x1158.jpg 1536w, https:\/\/agora.xtec.cat\/ceip-agsantandreu\/wp-content\/uploads\/usu37\/2023\/12\/IMG-20231211-WA0026-copia-200x150.jpg 200w, https:\/\/agora.xtec.cat\/ceip-agsantandreu\/wp-content\/uploads\/usu37\/2023\/12\/IMG-20231211-WA0026-copia.jpg 1599w\" sizes=\"auto, (max-width: 672px) 100vw, 672px\" \/><\/a><a href=\"https:\/\/photos.app.goo.gl\/BjwZwqSymEmabJps5\"><span style=\"text-decoration: underline\">FOTOGRAFIES<\/span><\/a><\/p>\n","protected":false},"excerpt":{"rendered":"<p>Ahir, despr\u00e9s del pati, els nens i nenes d&#8217;Educaci\u00f3 Infantil van anar a buscar el Ti\u00f3. Van pujar per la rampa de la pista i all\u00e0 a la muntanya, sota els pins&#8230; SORPRESA!!! , van trobar molts tions amagats. Cada grup va agafar el seu&hellip;  <a href=\"https:\/\/agora.xtec.cat\/ceip-agsantandreu\/general\/arriba-el-tio-a-educacio-infantil\/\" title=\"Read Arriba el TI\u00d3 a Educaci\u00f3 Infantil!\">Llegeix m\u00e9s\u00bb<\/a><\/p>\n","protected":false},"author":3,"featured_media":0,"comment_status":"closed","ping_status":"closed","sticky":false,"template":"","format":"standard","meta":{"_bbp_topic_count":0,"_bbp_reply_count":0,"_bbp_total_topic_count":0,"_bbp_total_reply_count":0,"_bbp_voice_count":0,"_bbp_anonymous_reply_count":0,"_bbp_topic_count_hidden":0,"_bbp_reply_count_hidden":0,"_bbp_forum_subforum_count":0,"footnotes":""},"categories":[2,1,4],"tags":[],"class_list":["post-7864","post","type-post","status-publish","format-standard","hentry","category-petits","category-general","category-portada"],"post_mailing_queue_ids":[],"_links":{"self":[{"href":"https:\/\/agora.xtec.cat\/ceip-agsantandreu\/wp-json\/wp\/v2\/posts\/7864","targetHints":{"allow":["GET"]}}],"collection":[{"href":"https:\/\/agora.xtec.cat\/ceip-agsantandreu\/wp-json\/wp\/v2\/posts"}],"about":[{"href":"https:\/\/agora.xtec.cat\/ceip-agsantandreu\/wp-json\/wp\/v2\/types\/post"}],"author":[{"embeddable":true,"href":"https:\/\/agora.xtec.cat\/ceip-agsantandreu\/wp-json\/wp\/v2\/users\/3"}],"replies":[{"embeddable":true,"href":"https:\/\/agora.xtec.cat\/ceip-agsantandreu\/wp-json\/wp\/v2\/comments?post=7864"}],"version-history":[{"count":7,"href":"https:\/\/agora.xtec.cat\/ceip-agsantandreu\/wp-json\/wp\/v2\/posts\/7864\/revisions"}],"predecessor-version":[{"id":7875,"href":"https:\/\/agora.xtec.cat\/ceip-agsantandreu\/wp-json\/wp\/v2\/posts\/7864\/revisions\/7875"}],"wp:attachment":[{"href":"https:\/\/agora.xtec.cat\/ceip-agsantandreu\/wp-json\/wp\/v2\/media?parent=7864"}],"wp:term":[{"taxonomy":"category","embeddable":true,"href":"https:\/\/agora.xtec.cat\/ceip-agsantandreu\/wp-json\/wp\/v2\/categories?post=7864"},{"taxonomy":"post_tag","embeddable":true,"href":"https:\/\/agora.xtec.cat\/ceip-agsantandreu\/wp-json\/wp\/v2\/tags?post=7864"}],"curies":[{"name":"wp","href":"https:\/\/api.w.org\/{rel}","templated":true}]}}