{"id":7856,"date":"2023-12-06T22:40:44","date_gmt":"2023-12-06T21:40:44","guid":{"rendered":"https:\/\/agora.xtec.cat\/ceip-agsantandreu\/?p=7856"},"modified":"2023-12-06T22:40:44","modified_gmt":"2023-12-06T21:40:44","slug":"la-vida-del-ibers","status":"publish","type":"post","link":"https:\/\/agora.xtec.cat\/ceip-agsantandreu\/general\/la-vida-del-ibers\/","title":{"rendered":"La vida del Ibers"},"content":{"rendered":"<p><a href=\"https:\/\/photos.app.goo.gl\/NyR6RXuou1m3bpd8A\" target=\"_blank\" rel=\"noopener\"><img loading=\"lazy\" decoding=\"async\" class=\"aligncenter wp-image-7857 size-large\" src=\"https:\/\/agora.xtec.cat\/ceip-agsantandreu\/wp-content\/uploads\/usu37\/2023\/12\/WhatsApp-Image-2023-12-05-at-15.53.43-1024x768.jpeg\" alt=\"\" width=\"1024\" height=\"768\" srcset=\"https:\/\/agora.xtec.cat\/ceip-agsantandreu\/wp-content\/uploads\/usu37\/2023\/12\/WhatsApp-Image-2023-12-05-at-15.53.43-1024x768.jpeg 1024w, https:\/\/agora.xtec.cat\/ceip-agsantandreu\/wp-content\/uploads\/usu37\/2023\/12\/WhatsApp-Image-2023-12-05-at-15.53.43-300x225.jpeg 300w, https:\/\/agora.xtec.cat\/ceip-agsantandreu\/wp-content\/uploads\/usu37\/2023\/12\/WhatsApp-Image-2023-12-05-at-15.53.43-768x576.jpeg 768w, https:\/\/agora.xtec.cat\/ceip-agsantandreu\/wp-content\/uploads\/usu37\/2023\/12\/WhatsApp-Image-2023-12-05-at-15.53.43-1536x1152.jpeg 1536w, https:\/\/agora.xtec.cat\/ceip-agsantandreu\/wp-content\/uploads\/usu37\/2023\/12\/WhatsApp-Image-2023-12-05-at-15.53.43-200x150.jpeg 200w, https:\/\/agora.xtec.cat\/ceip-agsantandreu\/wp-content\/uploads\/usu37\/2023\/12\/WhatsApp-Image-2023-12-05-at-15.53.43.jpeg 1600w\" sizes=\"auto, (max-width: 1024px) 100vw, 1024px\" \/><\/a><\/p>\n<p>Aquest dimarts, 5 de desembre, els alumnes de cinqu\u00e8 vam anar a con\u00e8ixer sobre el terreny algunes costums de la vida quotidiana dels ibers. Per aquest motiu, al mat\u00ed van anar al poblat iber de Puig-Castellar on van poder veure les edificacions i con\u00e8ixer molts aspectes m\u00e9s d\u2019aquesta interessant cultura alhora que gaudien d\u2019un molt bon dia.<\/p>\n<p>A l&#8217;hora de dinar ens van despla\u00e7ar a Santa Coloma de Gramenet a visitar el museu \u201cTorre Balldovina\u201d on van realitzar diversos tallers relacionats amb la cultura dels ibers: con\u00e8ixer i practicar la seva escriptura i alfabet, crear una pe\u00e7a de terrissa al torn, moldre gra per fer farina i encunyar una moneda.<\/p>\n<p><a href=\"https:\/\/photos.app.goo.gl\/NyR6RXuou1m3bpd8A\" target=\"_blank\" rel=\"noopener\">Aqu\u00ed teniu m\u00e9s fotografies!<\/a><\/p>\n","protected":false},"excerpt":{"rendered":"<p><a href=\"https:\/\/photos.app.goo.gl\/NyR6RXuou1m3bpd8A\" target=\"_blank\" rel=\"noopener\"><\/a><br \/>\nAquest dimarts, 5 de desembre, els alumnes de cinqu\u00e8 vam anar a con\u00e8ixer sobre el terreny algunes costums de la vida quotidiana dels ibers. Per aquest motiu, al mat\u00ed van anar al poblat iber de Puig-Castellar on van poder veure les edificacions&hellip;  <a href=\"https:\/\/agora.xtec.cat\/ceip-agsantandreu\/general\/la-vida-del-ibers\/\" title=\"Read La vida del Ibers\">Llegeix m\u00e9s\u00bb<\/a><\/p>\n","protected":false},"author":1,"featured_media":0,"comment_status":"closed","ping_status":"closed","sticky":false,"template":"","format":"standard","meta":{"_bbp_topic_count":0,"_bbp_reply_count":0,"_bbp_total_topic_count":0,"_bbp_total_reply_count":0,"_bbp_voice_count":0,"_bbp_anonymous_reply_count":0,"_bbp_topic_count_hidden":0,"_bbp_reply_count_hidden":0,"_bbp_forum_subforum_count":0,"footnotes":""},"categories":[59,1,4],"tags":[],"class_list":["post-7856","post","type-post","status-publish","format-standard","hentry","category-grans","category-general","category-portada"],"post_mailing_queue_ids":[],"_links":{"self":[{"href":"https:\/\/agora.xtec.cat\/ceip-agsantandreu\/wp-json\/wp\/v2\/posts\/7856","targetHints":{"allow":["GET"]}}],"collection":[{"href":"https:\/\/agora.xtec.cat\/ceip-agsantandreu\/wp-json\/wp\/v2\/posts"}],"about":[{"href":"https:\/\/agora.xtec.cat\/ceip-agsantandreu\/wp-json\/wp\/v2\/types\/post"}],"author":[{"embeddable":true,"href":"https:\/\/agora.xtec.cat\/ceip-agsantandreu\/wp-json\/wp\/v2\/users\/1"}],"replies":[{"embeddable":true,"href":"https:\/\/agora.xtec.cat\/ceip-agsantandreu\/wp-json\/wp\/v2\/comments?post=7856"}],"version-history":[{"count":1,"href":"https:\/\/agora.xtec.cat\/ceip-agsantandreu\/wp-json\/wp\/v2\/posts\/7856\/revisions"}],"predecessor-version":[{"id":7858,"href":"https:\/\/agora.xtec.cat\/ceip-agsantandreu\/wp-json\/wp\/v2\/posts\/7856\/revisions\/7858"}],"wp:attachment":[{"href":"https:\/\/agora.xtec.cat\/ceip-agsantandreu\/wp-json\/wp\/v2\/media?parent=7856"}],"wp:term":[{"taxonomy":"category","embeddable":true,"href":"https:\/\/agora.xtec.cat\/ceip-agsantandreu\/wp-json\/wp\/v2\/categories?post=7856"},{"taxonomy":"post_tag","embeddable":true,"href":"https:\/\/agora.xtec.cat\/ceip-agsantandreu\/wp-json\/wp\/v2\/tags?post=7856"}],"curies":[{"name":"wp","href":"https:\/\/api.w.org\/{rel}","templated":true}]}}