{"id":7849,"date":"2023-12-05T10:24:39","date_gmt":"2023-12-05T09:24:39","guid":{"rendered":"https:\/\/agora.xtec.cat\/ceip-agsantandreu\/?p=7849"},"modified":"2023-12-27T11:11:30","modified_gmt":"2023-12-27T10:11:30","slug":"els-habits-saludables-a-2n","status":"publish","type":"post","link":"https:\/\/agora.xtec.cat\/ceip-agsantandreu\/general\/els-habits-saludables-a-2n\/","title":{"rendered":"Els h\u00e0bits saludables a 2n"},"content":{"rendered":"<p><a href=\"https:\/\/agora.xtec.cat\/ceip-agsantandreu\/wp-content\/uploads\/usu37\/2023\/12\/798515d3-ea32-49ea-83f9-f175d3830b9c.jpg\"><img loading=\"lazy\" decoding=\"async\" class=\"alignnone size-large wp-image-7852\" src=\"https:\/\/agora.xtec.cat\/ceip-agsantandreu\/wp-content\/uploads\/usu37\/2023\/12\/798515d3-ea32-49ea-83f9-f175d3830b9c-1024x768.jpg\" alt=\"\" width=\"1024\" height=\"768\" srcset=\"https:\/\/agora.xtec.cat\/ceip-agsantandreu\/wp-content\/uploads\/usu37\/2023\/12\/798515d3-ea32-49ea-83f9-f175d3830b9c-1024x768.jpg 1024w, https:\/\/agora.xtec.cat\/ceip-agsantandreu\/wp-content\/uploads\/usu37\/2023\/12\/798515d3-ea32-49ea-83f9-f175d3830b9c-300x225.jpg 300w, https:\/\/agora.xtec.cat\/ceip-agsantandreu\/wp-content\/uploads\/usu37\/2023\/12\/798515d3-ea32-49ea-83f9-f175d3830b9c-768x576.jpg 768w, https:\/\/agora.xtec.cat\/ceip-agsantandreu\/wp-content\/uploads\/usu37\/2023\/12\/798515d3-ea32-49ea-83f9-f175d3830b9c-1536x1152.jpg 1536w, https:\/\/agora.xtec.cat\/ceip-agsantandreu\/wp-content\/uploads\/usu37\/2023\/12\/798515d3-ea32-49ea-83f9-f175d3830b9c-200x150.jpg 200w, https:\/\/agora.xtec.cat\/ceip-agsantandreu\/wp-content\/uploads\/usu37\/2023\/12\/798515d3-ea32-49ea-83f9-f175d3830b9c.jpg 1600w\" sizes=\"auto, (max-width: 1024px) 100vw, 1024px\" \/><\/a><\/p>\n<p>Avui ens ha visitat la Clara i ha explicat els aspectes m\u00e9s importants de la dieta mediterr\u00e0nia.\u00a0 Hem mirat un v\u00eddeo que ens explicava que \u00e9s important incorporar h\u00e0bits saludables a la nostra vida per millorar la salut f\u00edsica i mental..\u00a0 Ha estat una visita for\u00e7a interessant .<a href=\"https:\/\/photos.app.goo.gl\/SEnSxR5eJPEpq2f88\">Fotografies<\/a><\/p>\n","protected":false},"excerpt":{"rendered":"<p><a href=\"https:\/\/agora.xtec.cat\/ceip-agsantandreu\/wp-content\/uploads\/usu37\/2023\/12\/798515d3-ea32-49ea-83f9-f175d3830b9c.jpg\"><\/a><br \/>\nAvui ens ha visitat la Clara i ha explicat els aspectes m\u00e9s importants de la dieta mediterr\u00e0nia.\u00a0 Hem mirat un v\u00eddeo que ens explicava que \u00e9s important incorporar h\u00e0bits saludables a la nostra vida per millorar la salut f\u00edsica i mental..\u00a0 Ha estat una&hellip;  <a href=\"https:\/\/agora.xtec.cat\/ceip-agsantandreu\/general\/els-habits-saludables-a-2n\/\" title=\"Read Els h\u00e0bits saludables a 2n\">Llegeix m\u00e9s\u00bb<\/a><\/p>\n","protected":false},"author":3,"featured_media":0,"comment_status":"closed","ping_status":"closed","sticky":false,"template":"","format":"standard","meta":{"_bbp_topic_count":0,"_bbp_reply_count":0,"_bbp_total_topic_count":0,"_bbp_total_reply_count":0,"_bbp_voice_count":0,"_bbp_anonymous_reply_count":0,"_bbp_topic_count_hidden":0,"_bbp_reply_count_hidden":0,"_bbp_forum_subforum_count":0,"footnotes":""},"categories":[5,1,4],"tags":[],"class_list":["post-7849","post","type-post","status-publish","format-standard","hentry","category-mitjans","category-general","category-portada"],"post_mailing_queue_ids":[],"_links":{"self":[{"href":"https:\/\/agora.xtec.cat\/ceip-agsantandreu\/wp-json\/wp\/v2\/posts\/7849","targetHints":{"allow":["GET"]}}],"collection":[{"href":"https:\/\/agora.xtec.cat\/ceip-agsantandreu\/wp-json\/wp\/v2\/posts"}],"about":[{"href":"https:\/\/agora.xtec.cat\/ceip-agsantandreu\/wp-json\/wp\/v2\/types\/post"}],"author":[{"embeddable":true,"href":"https:\/\/agora.xtec.cat\/ceip-agsantandreu\/wp-json\/wp\/v2\/users\/3"}],"replies":[{"embeddable":true,"href":"https:\/\/agora.xtec.cat\/ceip-agsantandreu\/wp-json\/wp\/v2\/comments?post=7849"}],"version-history":[{"count":5,"href":"https:\/\/agora.xtec.cat\/ceip-agsantandreu\/wp-json\/wp\/v2\/posts\/7849\/revisions"}],"predecessor-version":[{"id":7855,"href":"https:\/\/agora.xtec.cat\/ceip-agsantandreu\/wp-json\/wp\/v2\/posts\/7849\/revisions\/7855"}],"wp:attachment":[{"href":"https:\/\/agora.xtec.cat\/ceip-agsantandreu\/wp-json\/wp\/v2\/media?parent=7849"}],"wp:term":[{"taxonomy":"category","embeddable":true,"href":"https:\/\/agora.xtec.cat\/ceip-agsantandreu\/wp-json\/wp\/v2\/categories?post=7849"},{"taxonomy":"post_tag","embeddable":true,"href":"https:\/\/agora.xtec.cat\/ceip-agsantandreu\/wp-json\/wp\/v2\/tags?post=7849"}],"curies":[{"name":"wp","href":"https:\/\/api.w.org\/{rel}","templated":true}]}}