{"id":7824,"date":"2023-11-29T10:12:19","date_gmt":"2023-11-29T09:12:19","guid":{"rendered":"https:\/\/agora.xtec.cat\/ceip-agsantandreu\/?p=7824"},"modified":"2023-12-04T21:57:05","modified_gmt":"2023-12-04T20:57:05","slug":"taller-de-seguretat-viaria-a-i-5","status":"publish","type":"post","link":"https:\/\/agora.xtec.cat\/ceip-agsantandreu\/general\/taller-de-seguretat-viaria-a-i-5\/","title":{"rendered":"Taller de Seguretat Vi\u00e0ria a I.5"},"content":{"rendered":"<p>Ahir va venir a l&#8217;escola un policia local a fer un Taller de Seguretat vi\u00e0ria a les aules de I.5. Ens va explicar hist\u00f2ries de diferents nens i nenes perqu\u00e8 ens adon\u00e9ssim del que hem de fer quan anem pel carrer i el que no. Tamb\u00e9 alguns nens van fer de policies regulant el tr\u00e0nsit i altres feien de vianants. Vam passar una bona estona i vam aprendre moltes coses!<\/p>\n<p style=\"text-align: center\"><a href=\"https:\/\/agora.xtec.cat\/ceip-agsantandreu\/wp-content\/uploads\/usu37\/2023\/11\/20231128_102459.jpg\"><img loading=\"lazy\" decoding=\"async\" class=\"wp-image-7827 aligncenter\" src=\"https:\/\/agora.xtec.cat\/ceip-agsantandreu\/wp-content\/uploads\/usu37\/2023\/11\/20231128_102459.jpg\" alt=\"\" width=\"423\" height=\"317\" srcset=\"https:\/\/agora.xtec.cat\/ceip-agsantandreu\/wp-content\/uploads\/usu37\/2023\/11\/20231128_102459.jpg 1024w, https:\/\/agora.xtec.cat\/ceip-agsantandreu\/wp-content\/uploads\/usu37\/2023\/11\/20231128_102459-300x225.jpg 300w, https:\/\/agora.xtec.cat\/ceip-agsantandreu\/wp-content\/uploads\/usu37\/2023\/11\/20231128_102459-768x576.jpg 768w, https:\/\/agora.xtec.cat\/ceip-agsantandreu\/wp-content\/uploads\/usu37\/2023\/11\/20231128_102459-200x150.jpg 200w\" sizes=\"auto, (max-width: 423px) 100vw, 423px\" \/><\/a><a href=\"https:\/\/photos.app.goo.gl\/DnPuVoMKam9zC4kb7\">FOTOGRAFIES<\/a><\/p>\n","protected":false},"excerpt":{"rendered":"<p>Ahir va venir a l&#8217;escola un policia local a fer un Taller de Seguretat vi\u00e0ria a les aules de I.5. Ens va explicar hist\u00f2ries de diferents nens i nenes perqu\u00e8 ens adon\u00e9ssim del que hem de fer quan anem pel carrer i el que no.&hellip;  <a href=\"https:\/\/agora.xtec.cat\/ceip-agsantandreu\/general\/taller-de-seguretat-viaria-a-i-5\/\" title=\"Read Taller de Seguretat Vi\u00e0ria a I.5\">Llegeix m\u00e9s\u00bb<\/a><\/p>\n","protected":false},"author":3,"featured_media":0,"comment_status":"closed","ping_status":"closed","sticky":false,"template":"","format":"standard","meta":{"_bbp_topic_count":0,"_bbp_reply_count":0,"_bbp_total_topic_count":0,"_bbp_total_reply_count":0,"_bbp_voice_count":0,"_bbp_anonymous_reply_count":0,"_bbp_topic_count_hidden":0,"_bbp_reply_count_hidden":0,"_bbp_forum_subforum_count":0,"footnotes":""},"categories":[2,1,4],"tags":[],"class_list":["post-7824","post","type-post","status-publish","format-standard","hentry","category-petits","category-general","category-portada"],"post_mailing_queue_ids":[],"_links":{"self":[{"href":"https:\/\/agora.xtec.cat\/ceip-agsantandreu\/wp-json\/wp\/v2\/posts\/7824","targetHints":{"allow":["GET"]}}],"collection":[{"href":"https:\/\/agora.xtec.cat\/ceip-agsantandreu\/wp-json\/wp\/v2\/posts"}],"about":[{"href":"https:\/\/agora.xtec.cat\/ceip-agsantandreu\/wp-json\/wp\/v2\/types\/post"}],"author":[{"embeddable":true,"href":"https:\/\/agora.xtec.cat\/ceip-agsantandreu\/wp-json\/wp\/v2\/users\/3"}],"replies":[{"embeddable":true,"href":"https:\/\/agora.xtec.cat\/ceip-agsantandreu\/wp-json\/wp\/v2\/comments?post=7824"}],"version-history":[{"count":6,"href":"https:\/\/agora.xtec.cat\/ceip-agsantandreu\/wp-json\/wp\/v2\/posts\/7824\/revisions"}],"predecessor-version":[{"id":7839,"href":"https:\/\/agora.xtec.cat\/ceip-agsantandreu\/wp-json\/wp\/v2\/posts\/7824\/revisions\/7839"}],"wp:attachment":[{"href":"https:\/\/agora.xtec.cat\/ceip-agsantandreu\/wp-json\/wp\/v2\/media?parent=7824"}],"wp:term":[{"taxonomy":"category","embeddable":true,"href":"https:\/\/agora.xtec.cat\/ceip-agsantandreu\/wp-json\/wp\/v2\/categories?post=7824"},{"taxonomy":"post_tag","embeddable":true,"href":"https:\/\/agora.xtec.cat\/ceip-agsantandreu\/wp-json\/wp\/v2\/tags?post=7824"}],"curies":[{"name":"wp","href":"https:\/\/api.w.org\/{rel}","templated":true}]}}