{"id":7804,"date":"2023-11-22T16:13:49","date_gmt":"2023-11-22T15:13:49","guid":{"rendered":"https:\/\/agora.xtec.cat\/ceip-agsantandreu\/?p=7804"},"modified":"2023-11-22T16:13:49","modified_gmt":"2023-11-22T15:13:49","slug":"santa-cecilia-2023","status":"publish","type":"post","link":"https:\/\/agora.xtec.cat\/ceip-agsantandreu\/general\/santa-cecilia-2023\/","title":{"rendered":"Santa Cec\u00edlia 2023"},"content":{"rendered":"<p>Avui hem celebrat el dia de Santa Cec\u00edlia, patrona de la m\u00fasica, a l\u2019escola. Com cada any alguns nens i nenes de la nostra escola i tamb\u00e9 de l\u2019Institut Sant Andreu, han preparat petites actuacions per a que el nostre alumnat, des del m\u00e9s petits fins als m\u00e9s grans, puguin gaudir de poder sentir diferents instruments en directe. Volem donar les gr\u00e0cies a totes les nenes i els nens que han participat i tamb\u00e9 a la M.Eug\u00e8nia, la nostra mestre de m\u00fasica. Fins l\u2019any vinent!!!<\/p>\n<p style=\"text-align: center;\"><a href=\"https:\/\/agora.xtec.cat\/ceip-agsantandreu\/wp-content\/uploads\/usu37\/2023\/11\/portada-1.png\"><img loading=\"lazy\" decoding=\"async\" class=\"alignnone  wp-image-7806\" src=\"https:\/\/agora.xtec.cat\/ceip-agsantandreu\/wp-content\/uploads\/usu37\/2023\/11\/portada-1-1024x565.png\" alt=\"\" width=\"494\" height=\"273\" srcset=\"https:\/\/agora.xtec.cat\/ceip-agsantandreu\/wp-content\/uploads\/usu37\/2023\/11\/portada-1-1024x565.png 1024w, https:\/\/agora.xtec.cat\/ceip-agsantandreu\/wp-content\/uploads\/usu37\/2023\/11\/portada-1-300x165.png 300w, https:\/\/agora.xtec.cat\/ceip-agsantandreu\/wp-content\/uploads\/usu37\/2023\/11\/portada-1-768x424.png 768w, https:\/\/agora.xtec.cat\/ceip-agsantandreu\/wp-content\/uploads\/usu37\/2023\/11\/portada-1.png 1307w\" sizes=\"auto, (max-width: 494px) 100vw, 494px\" \/><\/a><a href=\"https:\/\/photos.app.goo.gl\/12LDP8SZLV7xXWw37\" target=\"_blank\" rel=\"noopener\">FOTOGRAFIES<\/a><\/p>\n","protected":false},"excerpt":{"rendered":"<p>Avui hem celebrat el dia de Santa Cec\u00edlia, patrona de la m\u00fasica, a l\u2019escola. Com cada any alguns nens i nenes de la nostra escola i tamb\u00e9 de l\u2019Institut Sant Andreu, han preparat petites actuacions per a que el nostre alumnat, des del m\u00e9s petits&hellip;  <a href=\"https:\/\/agora.xtec.cat\/ceip-agsantandreu\/general\/santa-cecilia-2023\/\" title=\"Read Santa Cec\u00edlia 2023\">Llegeix m\u00e9s\u00bb<\/a><\/p>\n","protected":false},"author":1,"featured_media":0,"comment_status":"closed","ping_status":"closed","sticky":false,"template":"","format":"standard","meta":{"_bbp_topic_count":0,"_bbp_reply_count":0,"_bbp_total_topic_count":0,"_bbp_total_reply_count":0,"_bbp_voice_count":0,"_bbp_anonymous_reply_count":0,"_bbp_topic_count_hidden":0,"_bbp_reply_count_hidden":0,"_bbp_forum_subforum_count":0,"footnotes":""},"categories":[1,4],"tags":[],"class_list":["post-7804","post","type-post","status-publish","format-standard","hentry","category-general","category-portada"],"post_mailing_queue_ids":[],"_links":{"self":[{"href":"https:\/\/agora.xtec.cat\/ceip-agsantandreu\/wp-json\/wp\/v2\/posts\/7804","targetHints":{"allow":["GET"]}}],"collection":[{"href":"https:\/\/agora.xtec.cat\/ceip-agsantandreu\/wp-json\/wp\/v2\/posts"}],"about":[{"href":"https:\/\/agora.xtec.cat\/ceip-agsantandreu\/wp-json\/wp\/v2\/types\/post"}],"author":[{"embeddable":true,"href":"https:\/\/agora.xtec.cat\/ceip-agsantandreu\/wp-json\/wp\/v2\/users\/1"}],"replies":[{"embeddable":true,"href":"https:\/\/agora.xtec.cat\/ceip-agsantandreu\/wp-json\/wp\/v2\/comments?post=7804"}],"version-history":[{"count":2,"href":"https:\/\/agora.xtec.cat\/ceip-agsantandreu\/wp-json\/wp\/v2\/posts\/7804\/revisions"}],"predecessor-version":[{"id":7808,"href":"https:\/\/agora.xtec.cat\/ceip-agsantandreu\/wp-json\/wp\/v2\/posts\/7804\/revisions\/7808"}],"wp:attachment":[{"href":"https:\/\/agora.xtec.cat\/ceip-agsantandreu\/wp-json\/wp\/v2\/media?parent=7804"}],"wp:term":[{"taxonomy":"category","embeddable":true,"href":"https:\/\/agora.xtec.cat\/ceip-agsantandreu\/wp-json\/wp\/v2\/categories?post=7804"},{"taxonomy":"post_tag","embeddable":true,"href":"https:\/\/agora.xtec.cat\/ceip-agsantandreu\/wp-json\/wp\/v2\/tags?post=7804"}],"curies":[{"name":"wp","href":"https:\/\/api.w.org\/{rel}","templated":true}]}}