{"id":7778,"date":"2023-11-13T13:23:10","date_gmt":"2023-11-13T12:23:10","guid":{"rendered":"https:\/\/agora.xtec.cat\/ceip-agsantandreu\/?p=7778"},"modified":"2023-11-13T13:23:10","modified_gmt":"2023-11-13T12:23:10","slug":"gimcana-de-la-tardor","status":"publish","type":"post","link":"https:\/\/agora.xtec.cat\/ceip-agsantandreu\/general\/gimcana-de-la-tardor\/","title":{"rendered":"GIMCANA DE LA TARDOR"},"content":{"rendered":"<p>Habilitat, observaci\u00f3, descodificaci\u00f3, punteria, c\u00e0lculs i molt m\u00e9s per superar la Gimcana de la tardor!<\/p>\n<p>Durant la tarda del dimarts, tot el tercer cicle vam celebrar la festa de \u201cLa Castanyada\u201d de manera conjunta, gaudint d\u2019unes activitats preparades amb molta il\u00b7lusi\u00f3!\u00a0 Tamb\u00e9, vam quedar impressionats amb les dots art\u00edstiques que els nens i les nenes van mostrar en la creaci\u00f3 dels seus diorames i maquetes sobre la Castanyada i el Halloween.<\/p>\n<p>No us perdeu<a href=\"https:\/\/photos.app.goo.gl\/EJZ9ZN5qZkYKeVuu8\"> l\u2019\u00e0lbum de fotos!<\/a><\/p>\n<p><a href=\"https:\/\/agora.xtec.cat\/ceip-agsantandreu\/wp-content\/uploads\/usu37\/2023\/11\/1699876951514-Copy.jpg\"><img loading=\"lazy\" decoding=\"async\" class=\"alignnone size-full wp-image-7779\" src=\"https:\/\/agora.xtec.cat\/ceip-agsantandreu\/wp-content\/uploads\/usu37\/2023\/11\/1699876951514-Copy.jpg\" alt=\"\" width=\"956\" height=\"720\" srcset=\"https:\/\/agora.xtec.cat\/ceip-agsantandreu\/wp-content\/uploads\/usu37\/2023\/11\/1699876951514-Copy.jpg 956w, https:\/\/agora.xtec.cat\/ceip-agsantandreu\/wp-content\/uploads\/usu37\/2023\/11\/1699876951514-Copy-300x226.jpg 300w, https:\/\/agora.xtec.cat\/ceip-agsantandreu\/wp-content\/uploads\/usu37\/2023\/11\/1699876951514-Copy-768x578.jpg 768w, https:\/\/agora.xtec.cat\/ceip-agsantandreu\/wp-content\/uploads\/usu37\/2023\/11\/1699876951514-Copy-200x150.jpg 200w\" sizes=\"auto, (max-width: 956px) 100vw, 956px\" \/><\/a><\/p>\n","protected":false},"excerpt":{"rendered":"<p>Habilitat, observaci\u00f3, descodificaci\u00f3, punteria, c\u00e0lculs i molt m\u00e9s per superar la Gimcana de la tardor!<br \/>\nDurant la tarda del dimarts, tot el tercer cicle vam celebrar la festa de \u201cLa Castanyada\u201d de manera conjunta, gaudint d\u2019unes activitats preparades amb molta il\u00b7lusi\u00f3!\u00a0 Tamb\u00e9, vam quedar impressionats amb&hellip;  <a href=\"https:\/\/agora.xtec.cat\/ceip-agsantandreu\/general\/gimcana-de-la-tardor\/\" title=\"Read GIMCANA DE LA TARDOR\">Llegeix m\u00e9s\u00bb<\/a><\/p>\n","protected":false},"author":3,"featured_media":7779,"comment_status":"closed","ping_status":"closed","sticky":false,"template":"","format":"standard","meta":{"_bbp_topic_count":0,"_bbp_reply_count":0,"_bbp_total_topic_count":0,"_bbp_total_reply_count":0,"_bbp_voice_count":0,"_bbp_anonymous_reply_count":0,"_bbp_topic_count_hidden":0,"_bbp_reply_count_hidden":0,"_bbp_forum_subforum_count":0,"footnotes":""},"categories":[59,1],"tags":[],"class_list":["post-7778","post","type-post","status-publish","format-standard","has-post-thumbnail","hentry","category-grans","category-general"],"post_mailing_queue_ids":[],"_links":{"self":[{"href":"https:\/\/agora.xtec.cat\/ceip-agsantandreu\/wp-json\/wp\/v2\/posts\/7778","targetHints":{"allow":["GET"]}}],"collection":[{"href":"https:\/\/agora.xtec.cat\/ceip-agsantandreu\/wp-json\/wp\/v2\/posts"}],"about":[{"href":"https:\/\/agora.xtec.cat\/ceip-agsantandreu\/wp-json\/wp\/v2\/types\/post"}],"author":[{"embeddable":true,"href":"https:\/\/agora.xtec.cat\/ceip-agsantandreu\/wp-json\/wp\/v2\/users\/3"}],"replies":[{"embeddable":true,"href":"https:\/\/agora.xtec.cat\/ceip-agsantandreu\/wp-json\/wp\/v2\/comments?post=7778"}],"version-history":[{"count":3,"href":"https:\/\/agora.xtec.cat\/ceip-agsantandreu\/wp-json\/wp\/v2\/posts\/7778\/revisions"}],"predecessor-version":[{"id":7783,"href":"https:\/\/agora.xtec.cat\/ceip-agsantandreu\/wp-json\/wp\/v2\/posts\/7778\/revisions\/7783"}],"wp:featuredmedia":[{"embeddable":true,"href":"https:\/\/agora.xtec.cat\/ceip-agsantandreu\/wp-json\/wp\/v2\/media\/7779"}],"wp:attachment":[{"href":"https:\/\/agora.xtec.cat\/ceip-agsantandreu\/wp-json\/wp\/v2\/media?parent=7778"}],"wp:term":[{"taxonomy":"category","embeddable":true,"href":"https:\/\/agora.xtec.cat\/ceip-agsantandreu\/wp-json\/wp\/v2\/categories?post=7778"},{"taxonomy":"post_tag","embeddable":true,"href":"https:\/\/agora.xtec.cat\/ceip-agsantandreu\/wp-json\/wp\/v2\/tags?post=7778"}],"curies":[{"name":"wp","href":"https:\/\/api.w.org\/{rel}","templated":true}]}}