{"id":7757,"date":"2023-11-08T09:50:02","date_gmt":"2023-11-08T08:50:02","guid":{"rendered":"https:\/\/agora.xtec.cat\/ceip-agsantandreu\/?p=7757"},"modified":"2023-11-08T09:53:19","modified_gmt":"2023-11-08T08:53:19","slug":"edu-esteve-a-langel-guimera","status":"publish","type":"post","link":"https:\/\/agora.xtec.cat\/ceip-agsantandreu\/general\/edu-esteve-a-langel-guimera\/","title":{"rendered":"Edu Esteve a l&#8217;\u00c0ngel Guimer\u00e0!"},"content":{"rendered":"<p><a href=\"https:\/\/photos.app.goo.gl\/QYGBTX7jC5BCCWGj9\" target=\"_blank\" rel=\"noopener\"><img loading=\"lazy\" decoding=\"async\" class=\"aligncenter wp-image-7758 size-large\" src=\"https:\/\/agora.xtec.cat\/ceip-agsantandreu\/wp-content\/uploads\/usu37\/2023\/11\/Bo-sa-daqui-ABGEL-GUIMERA-1_page-0001-724x1024.jpg\" alt=\"\" width=\"724\" height=\"1024\" srcset=\"https:\/\/agora.xtec.cat\/ceip-agsantandreu\/wp-content\/uploads\/usu37\/2023\/11\/Bo-sa-daqui-ABGEL-GUIMERA-1_page-0001-724x1024.jpg 724w, https:\/\/agora.xtec.cat\/ceip-agsantandreu\/wp-content\/uploads\/usu37\/2023\/11\/Bo-sa-daqui-ABGEL-GUIMERA-1_page-0001-212x300.jpg 212w, https:\/\/agora.xtec.cat\/ceip-agsantandreu\/wp-content\/uploads\/usu37\/2023\/11\/Bo-sa-daqui-ABGEL-GUIMERA-1_page-0001-768x1086.jpg 768w, https:\/\/agora.xtec.cat\/ceip-agsantandreu\/wp-content\/uploads\/usu37\/2023\/11\/Bo-sa-daqui-ABGEL-GUIMERA-1_page-0001-1086x1536.jpg 1086w, https:\/\/agora.xtec.cat\/ceip-agsantandreu\/wp-content\/uploads\/usu37\/2023\/11\/Bo-sa-daqui-ABGEL-GUIMERA-1_page-0001.jpg 1241w\" sizes=\"auto, (max-width: 724px) 100vw, 724px\" \/><\/a><\/p>\n<p>Quina not\u00edcia! L&#8217;Edu Esteve vindr\u00e0 el dimecres de la setmana vinent de visita al cole!<\/p>\n<p>Com a Casa, la nostra empresa de menjador que d\u00f3na servei a l&#8217;escola, est\u00e0 inscrita al projecte <a href=\"https:\/\/bosadaqui.cat\/\" target=\"_blank\" rel=\"noopener\">&#8220;Bo, sa i d&#8217;aqu\u00ed&#8221;<\/a>. Aquest projecte busca incentivar el consum de prove\u00efdors de proximitat de manera que els aliments amb els que es treballen a la nostra cuina tinguin la millor qualitat possible, aix\u00f2 garanteix un menjar m\u00e9s saludable i la reducci\u00f3 d&#8217;intermediaris.<\/p>\n<p>Per fer difusi\u00f3 a les escoles, el projecte convida alguns artistes i a nosaltres ens ha tocat el cantant Edu Esteve, que ens acompanyar\u00e0 una estoneta durant l&#8217;hora de dinar amb una actuaci\u00f3.<\/p>\n<p><a href=\"https:\/\/photos.app.goo.gl\/QYGBTX7jC5BCCWGj9\" target=\"_blank\" rel=\"noopener\">Aqu\u00ed us deixem el v\u00eddeo de presentaci\u00f3!<\/a><\/p>\n","protected":false},"excerpt":{"rendered":"<p><a href=\"https:\/\/photos.app.goo.gl\/QYGBTX7jC5BCCWGj9\" target=\"_blank\" rel=\"noopener\"><\/a><br \/>\nQuina not\u00edcia! L&#8217;Edu Esteve vindr\u00e0 el dimecres de la setmana vinent de visita al cole!<br \/>\nCom a Casa, la nostra empresa de menjador que d\u00f3na servei a l&#8217;escola, est\u00e0 inscrita al projecte <a href=\"https:\/\/bosadaqui.cat\/\" target=\"_blank\" rel=\"noopener\">&#8220;Bo, sa i d&#8217;aqu\u00ed&#8221;<\/a>. Aquest projecte busca incentivar&hellip;  <a href=\"https:\/\/agora.xtec.cat\/ceip-agsantandreu\/general\/edu-esteve-a-langel-guimera\/\" title=\"Read Edu Esteve a l&#8217;\u00c0ngel Guimer\u00e0!\">Llegeix m\u00e9s\u00bb<\/a><\/p>\n","protected":false},"author":1,"featured_media":0,"comment_status":"closed","ping_status":"closed","sticky":false,"template":"","format":"standard","meta":{"_bbp_topic_count":0,"_bbp_reply_count":0,"_bbp_total_topic_count":0,"_bbp_total_reply_count":0,"_bbp_voice_count":0,"_bbp_anonymous_reply_count":0,"_bbp_topic_count_hidden":0,"_bbp_reply_count_hidden":0,"_bbp_forum_subforum_count":0,"footnotes":""},"categories":[1,62,4],"tags":[],"class_list":["post-7757","post","type-post","status-publish","format-standard","hentry","category-general","category-menjador","category-portada"],"post_mailing_queue_ids":[],"_links":{"self":[{"href":"https:\/\/agora.xtec.cat\/ceip-agsantandreu\/wp-json\/wp\/v2\/posts\/7757","targetHints":{"allow":["GET"]}}],"collection":[{"href":"https:\/\/agora.xtec.cat\/ceip-agsantandreu\/wp-json\/wp\/v2\/posts"}],"about":[{"href":"https:\/\/agora.xtec.cat\/ceip-agsantandreu\/wp-json\/wp\/v2\/types\/post"}],"author":[{"embeddable":true,"href":"https:\/\/agora.xtec.cat\/ceip-agsantandreu\/wp-json\/wp\/v2\/users\/1"}],"replies":[{"embeddable":true,"href":"https:\/\/agora.xtec.cat\/ceip-agsantandreu\/wp-json\/wp\/v2\/comments?post=7757"}],"version-history":[{"count":2,"href":"https:\/\/agora.xtec.cat\/ceip-agsantandreu\/wp-json\/wp\/v2\/posts\/7757\/revisions"}],"predecessor-version":[{"id":7762,"href":"https:\/\/agora.xtec.cat\/ceip-agsantandreu\/wp-json\/wp\/v2\/posts\/7757\/revisions\/7762"}],"wp:attachment":[{"href":"https:\/\/agora.xtec.cat\/ceip-agsantandreu\/wp-json\/wp\/v2\/media?parent=7757"}],"wp:term":[{"taxonomy":"category","embeddable":true,"href":"https:\/\/agora.xtec.cat\/ceip-agsantandreu\/wp-json\/wp\/v2\/categories?post=7757"},{"taxonomy":"post_tag","embeddable":true,"href":"https:\/\/agora.xtec.cat\/ceip-agsantandreu\/wp-json\/wp\/v2\/tags?post=7757"}],"curies":[{"name":"wp","href":"https:\/\/api.w.org\/{rel}","templated":true}]}}