{"id":7746,"date":"2023-11-06T11:08:14","date_gmt":"2023-11-06T10:08:14","guid":{"rendered":"https:\/\/agora.xtec.cat\/ceip-agsantandreu\/?p=7746"},"modified":"2023-11-07T17:24:22","modified_gmt":"2023-11-07T16:24:22","slug":"els-racons-a-tercer","status":"publish","type":"post","link":"https:\/\/agora.xtec.cat\/ceip-agsantandreu\/general\/els-racons-a-tercer\/","title":{"rendered":"ELS RACONS A TERCER"},"content":{"rendered":"<p><a href=\"https:\/\/agora.xtec.cat\/ceip-agsantandreu\/wp-content\/uploads\/usu37\/2023\/11\/racons.png\"><img loading=\"lazy\" decoding=\"async\" class=\"wp-image-7747 aligncenter\" src=\"https:\/\/agora.xtec.cat\/ceip-agsantandreu\/wp-content\/uploads\/usu37\/2023\/11\/racons-1024x724.png\" alt=\"\" width=\"304\" height=\"214\" srcset=\"https:\/\/agora.xtec.cat\/ceip-agsantandreu\/wp-content\/uploads\/usu37\/2023\/11\/racons-1024x724.png 1024w, https:\/\/agora.xtec.cat\/ceip-agsantandreu\/wp-content\/uploads\/usu37\/2023\/11\/racons-300x212.png 300w, https:\/\/agora.xtec.cat\/ceip-agsantandreu\/wp-content\/uploads\/usu37\/2023\/11\/racons-768x543.png 768w, https:\/\/agora.xtec.cat\/ceip-agsantandreu\/wp-content\/uploads\/usu37\/2023\/11\/racons-1536x1086.png 1536w, https:\/\/agora.xtec.cat\/ceip-agsantandreu\/wp-content\/uploads\/usu37\/2023\/11\/racons.png 2000w\" sizes=\"auto, (max-width: 304px) 100vw, 304px\" \/><\/a><\/p>\n<p>Hola!<\/p>\n<p>Els nens i nenes de 3r estem fent racons des de l&#8217;octubre! En aquest espai, aprofitem per refor\u00e7ar continguts ja treballats d&#8217;una forma m\u00e9s l\u00fadica i cooperativa. Tant a mates com a llengua, fem jocs i din\u00e0miques ben entretingudes que ens fan pensar d&#8217;una manera diferent, perqu\u00e8&#8230;aprendre jugant tamb\u00e9 \u00e9s aprendre!<\/p>\n<p>En aquestes fotos podreu veure alguns exemples d&#8217;all\u00f2 que fem.<\/p>\n<p><a href=\"https:\/\/photos.app.goo.gl\/WEwu9xoQuhH4eXqeA\">JA HEM COMEN\u00c7AT RACONS<\/a><\/p>\n","protected":false},"excerpt":{"rendered":"<p><a href=\"https:\/\/agora.xtec.cat\/ceip-agsantandreu\/wp-content\/uploads\/usu37\/2023\/11\/racons.png\"><\/a><br \/>\nHola!<br \/>\nEls nens i nenes de 3r estem fent racons des de l&#8217;octubre! En aquest espai, aprofitem per refor\u00e7ar continguts ja treballats d&#8217;una forma m\u00e9s l\u00fadica i cooperativa. Tant a mates com a llengua, fem jocs i din\u00e0miques ben entretingudes que ens fan pensar d&#8217;una&hellip;  <a href=\"https:\/\/agora.xtec.cat\/ceip-agsantandreu\/general\/els-racons-a-tercer\/\" title=\"Read ELS RACONS A TERCER\">Llegeix m\u00e9s\u00bb<\/a><\/p>\n","protected":false},"author":3,"featured_media":7747,"comment_status":"closed","ping_status":"closed","sticky":false,"template":"","format":"standard","meta":{"_bbp_topic_count":0,"_bbp_reply_count":0,"_bbp_total_topic_count":0,"_bbp_total_reply_count":0,"_bbp_voice_count":0,"_bbp_anonymous_reply_count":0,"_bbp_topic_count_hidden":0,"_bbp_reply_count_hidden":0,"_bbp_forum_subforum_count":0,"footnotes":""},"categories":[58,57,1],"tags":[],"class_list":["post-7746","post","type-post","status-publish","format-standard","has-post-thumbnail","hentry","category-mitjans-mitjans","category-comunitats","category-general"],"post_mailing_queue_ids":[],"_links":{"self":[{"href":"https:\/\/agora.xtec.cat\/ceip-agsantandreu\/wp-json\/wp\/v2\/posts\/7746","targetHints":{"allow":["GET"]}}],"collection":[{"href":"https:\/\/agora.xtec.cat\/ceip-agsantandreu\/wp-json\/wp\/v2\/posts"}],"about":[{"href":"https:\/\/agora.xtec.cat\/ceip-agsantandreu\/wp-json\/wp\/v2\/types\/post"}],"author":[{"embeddable":true,"href":"https:\/\/agora.xtec.cat\/ceip-agsantandreu\/wp-json\/wp\/v2\/users\/3"}],"replies":[{"embeddable":true,"href":"https:\/\/agora.xtec.cat\/ceip-agsantandreu\/wp-json\/wp\/v2\/comments?post=7746"}],"version-history":[{"count":2,"href":"https:\/\/agora.xtec.cat\/ceip-agsantandreu\/wp-json\/wp\/v2\/posts\/7746\/revisions"}],"predecessor-version":[{"id":7749,"href":"https:\/\/agora.xtec.cat\/ceip-agsantandreu\/wp-json\/wp\/v2\/posts\/7746\/revisions\/7749"}],"wp:featuredmedia":[{"embeddable":true,"href":"https:\/\/agora.xtec.cat\/ceip-agsantandreu\/wp-json\/wp\/v2\/media\/7747"}],"wp:attachment":[{"href":"https:\/\/agora.xtec.cat\/ceip-agsantandreu\/wp-json\/wp\/v2\/media?parent=7746"}],"wp:term":[{"taxonomy":"category","embeddable":true,"href":"https:\/\/agora.xtec.cat\/ceip-agsantandreu\/wp-json\/wp\/v2\/categories?post=7746"},{"taxonomy":"post_tag","embeddable":true,"href":"https:\/\/agora.xtec.cat\/ceip-agsantandreu\/wp-json\/wp\/v2\/tags?post=7746"}],"curies":[{"name":"wp","href":"https:\/\/api.w.org\/{rel}","templated":true}]}}