{"id":7732,"date":"2023-11-01T19:51:53","date_gmt":"2023-11-01T18:51:53","guid":{"rendered":"https:\/\/agora.xtec.cat\/ceip-agsantandreu\/?p=7732"},"modified":"2023-11-01T19:51:53","modified_gmt":"2023-11-01T18:51:53","slug":"castanyada-a-educacio-infantil-2","status":"publish","type":"post","link":"https:\/\/agora.xtec.cat\/ceip-agsantandreu\/general\/castanyada-a-educacio-infantil-2\/","title":{"rendered":"Castanyada a Educaci\u00f3 Infantil"},"content":{"rendered":"<p>El passat dimarts per la tarda, els nens i nenes d\u2019Educaci\u00f3 Infantil es van posar la seva corona de tardor i van sortir al pati a rebre a la Castanyera i al Castanyer. Despr\u00e9s d&#8217;explicar-nos com era la seva feina es van fer una foto amb cada grup classe. A continuaci\u00f3 els infants van ballar les danses que hav\u00edem preparat amb la mestra de m\u00fasica: I.3 \u201c<a href=\"https:\/\/youtu.be\/2cEQwfWi_R4\">La Castanyera<\/a>\u201c, I.4 \u201c<a href=\"https:\/\/youtu.be\/11VdDn8Fi_o?si=TS7Snh9-aIY0vSP-\">M&#8217;agrada la tardor<\/a>\u201d i I.5 \u201c<a href=\"https:\/\/youtu.be\/J8c7sWsIOfU?si=rVYHLenecK13jsL5\">La rumba de les castanyes<\/a>\u201c. Ja per acabar,\u00a0 vam ballar tots plegats i ens van deixar moltes paperines plenes de castanyes.<\/p>\n<p>Vam passar una tarda molt especial i divertida!!<\/p>\n<p style=\"text-align: center\"><a href=\"https:\/\/agora.xtec.cat\/ceip-agsantandreu\/wp-content\/uploads\/usu37\/2023\/11\/20231031_152651.jpg\"><img loading=\"lazy\" decoding=\"async\" class=\"wp-image-7733 aligncenter\" src=\"https:\/\/agora.xtec.cat\/ceip-agsantandreu\/wp-content\/uploads\/usu37\/2023\/11\/20231031_152651.jpg\" alt=\"\" width=\"793\" height=\"595\" srcset=\"https:\/\/agora.xtec.cat\/ceip-agsantandreu\/wp-content\/uploads\/usu37\/2023\/11\/20231031_152651.jpg 1024w, https:\/\/agora.xtec.cat\/ceip-agsantandreu\/wp-content\/uploads\/usu37\/2023\/11\/20231031_152651-300x225.jpg 300w, https:\/\/agora.xtec.cat\/ceip-agsantandreu\/wp-content\/uploads\/usu37\/2023\/11\/20231031_152651-768x576.jpg 768w, https:\/\/agora.xtec.cat\/ceip-agsantandreu\/wp-content\/uploads\/usu37\/2023\/11\/20231031_152651-200x150.jpg 200w\" sizes=\"auto, (max-width: 793px) 100vw, 793px\" \/><\/a><a href=\"https:\/\/photos.app.goo.gl\/Ni1TZhJb7WWhNefTA\">FOTOGRAFIES<\/a><\/p>\n","protected":false},"excerpt":{"rendered":"<p>El passat dimarts per la tarda, els nens i nenes d\u2019Educaci\u00f3 Infantil es van posar la seva corona de tardor i van sortir al pati a rebre a la Castanyera i al Castanyer. Despr\u00e9s d&#8217;explicar-nos com era la seva feina es van fer una foto&hellip;  <a href=\"https:\/\/agora.xtec.cat\/ceip-agsantandreu\/general\/castanyada-a-educacio-infantil-2\/\" title=\"Read Castanyada a Educaci\u00f3 Infantil\">Llegeix m\u00e9s\u00bb<\/a><\/p>\n","protected":false},"author":3,"featured_media":7741,"comment_status":"closed","ping_status":"closed","sticky":false,"template":"","format":"standard","meta":{"_bbp_topic_count":0,"_bbp_reply_count":0,"_bbp_total_topic_count":0,"_bbp_total_reply_count":0,"_bbp_voice_count":0,"_bbp_anonymous_reply_count":0,"_bbp_topic_count_hidden":0,"_bbp_reply_count_hidden":0,"_bbp_forum_subforum_count":0,"footnotes":""},"categories":[2,1,4],"tags":[],"class_list":["post-7732","post","type-post","status-publish","format-standard","has-post-thumbnail","hentry","category-petits","category-general","category-portada"],"post_mailing_queue_ids":[],"_links":{"self":[{"href":"https:\/\/agora.xtec.cat\/ceip-agsantandreu\/wp-json\/wp\/v2\/posts\/7732","targetHints":{"allow":["GET"]}}],"collection":[{"href":"https:\/\/agora.xtec.cat\/ceip-agsantandreu\/wp-json\/wp\/v2\/posts"}],"about":[{"href":"https:\/\/agora.xtec.cat\/ceip-agsantandreu\/wp-json\/wp\/v2\/types\/post"}],"author":[{"embeddable":true,"href":"https:\/\/agora.xtec.cat\/ceip-agsantandreu\/wp-json\/wp\/v2\/users\/3"}],"replies":[{"embeddable":true,"href":"https:\/\/agora.xtec.cat\/ceip-agsantandreu\/wp-json\/wp\/v2\/comments?post=7732"}],"version-history":[{"count":6,"href":"https:\/\/agora.xtec.cat\/ceip-agsantandreu\/wp-json\/wp\/v2\/posts\/7732\/revisions"}],"predecessor-version":[{"id":7740,"href":"https:\/\/agora.xtec.cat\/ceip-agsantandreu\/wp-json\/wp\/v2\/posts\/7732\/revisions\/7740"}],"wp:featuredmedia":[{"embeddable":true,"href":"https:\/\/agora.xtec.cat\/ceip-agsantandreu\/wp-json\/wp\/v2\/media\/7741"}],"wp:attachment":[{"href":"https:\/\/agora.xtec.cat\/ceip-agsantandreu\/wp-json\/wp\/v2\/media?parent=7732"}],"wp:term":[{"taxonomy":"category","embeddable":true,"href":"https:\/\/agora.xtec.cat\/ceip-agsantandreu\/wp-json\/wp\/v2\/categories?post=7732"},{"taxonomy":"post_tag","embeddable":true,"href":"https:\/\/agora.xtec.cat\/ceip-agsantandreu\/wp-json\/wp\/v2\/tags?post=7732"}],"curies":[{"name":"wp","href":"https:\/\/api.w.org\/{rel}","templated":true}]}}