{"id":773,"date":"2017-10-02T15:50:52","date_gmt":"2017-10-02T13:50:52","guid":{"rendered":"http:\/\/agora.xtec.cat\/ceip-agsantandreu\/?p=773"},"modified":"2017-10-02T15:50:52","modified_gmt":"2017-10-02T13:50:52","slug":"convocatoria-vaga-general-3-doctubre","status":"publish","type":"post","link":"https:\/\/agora.xtec.cat\/ceip-agsantandreu\/portada\/convocatoria-vaga-general-3-doctubre\/","title":{"rendered":"Convocat\u00f2ria vaga general 3 d&#8217;octubre"},"content":{"rendered":"<p>Benvolgudes fam\u00edlies,<\/p>\n<p>Dem\u00e0 dia 3 d&#8217;octubre de 2017 hi ha convocada una vaga general per diversos sindicats.<\/p>\n<p>Part del professorat s&#8217;adhereix a la vaga esmentada.<\/p>\n<p>L&#8217;escola romandr\u00e0 oberta, per\u00f2 no es pot garantir l&#8217;activitat de les classes amb normalitat.<\/p>\n<p>Amb motiu de la convocat\u00f2ria d&#8217;aquesta vaga, resta ajornada la reuni\u00f3 de fam\u00edlies de 4t. pel proper dilluns, 9 d&#8217;octubre a la mateixa hora i lloc.<\/p>\n<p>Atentament,<\/p>\n<p>La Direcci\u00f3 del centre<\/p>\n<p>&nbsp;<\/p>\n","protected":false},"excerpt":{"rendered":"<p>Benvolgudes fam\u00edlies,<br \/>\nDem\u00e0 dia 3 d&#8217;octubre de 2017 hi ha convocada una vaga general per diversos sindicats.<br \/>\nPart del professorat s&#8217;adhereix a la vaga esmentada.<br \/>\nL&#8217;escola romandr\u00e0 oberta, per\u00f2 no es pot garantir l&#8217;activitat de les classes amb normalitat.<br \/>\nAmb motiu de la convocat\u00f2ria d&#8217;aquesta vaga, resta ajornada la&hellip;  <a href=\"https:\/\/agora.xtec.cat\/ceip-agsantandreu\/portada\/convocatoria-vaga-general-3-doctubre\/\" title=\"Read Convocat\u00f2ria vaga general 3 d&#8217;octubre\">Llegeix m\u00e9s\u00bb<\/a><\/p>\n","protected":false},"author":1,"featured_media":0,"comment_status":"closed","ping_status":"closed","sticky":false,"template":"","format":"standard","meta":{"_bbp_topic_count":0,"_bbp_reply_count":0,"_bbp_total_topic_count":0,"_bbp_total_reply_count":0,"_bbp_voice_count":0,"_bbp_anonymous_reply_count":0,"_bbp_topic_count_hidden":0,"_bbp_reply_count_hidden":0,"_bbp_forum_subforum_count":0,"footnotes":""},"categories":[4],"tags":[],"class_list":["post-773","post","type-post","status-publish","format-standard","hentry","category-portada"],"post_mailing_queue_ids":[],"_links":{"self":[{"href":"https:\/\/agora.xtec.cat\/ceip-agsantandreu\/wp-json\/wp\/v2\/posts\/773","targetHints":{"allow":["GET"]}}],"collection":[{"href":"https:\/\/agora.xtec.cat\/ceip-agsantandreu\/wp-json\/wp\/v2\/posts"}],"about":[{"href":"https:\/\/agora.xtec.cat\/ceip-agsantandreu\/wp-json\/wp\/v2\/types\/post"}],"author":[{"embeddable":true,"href":"https:\/\/agora.xtec.cat\/ceip-agsantandreu\/wp-json\/wp\/v2\/users\/1"}],"replies":[{"embeddable":true,"href":"https:\/\/agora.xtec.cat\/ceip-agsantandreu\/wp-json\/wp\/v2\/comments?post=773"}],"version-history":[{"count":2,"href":"https:\/\/agora.xtec.cat\/ceip-agsantandreu\/wp-json\/wp\/v2\/posts\/773\/revisions"}],"predecessor-version":[{"id":775,"href":"https:\/\/agora.xtec.cat\/ceip-agsantandreu\/wp-json\/wp\/v2\/posts\/773\/revisions\/775"}],"wp:attachment":[{"href":"https:\/\/agora.xtec.cat\/ceip-agsantandreu\/wp-json\/wp\/v2\/media?parent=773"}],"wp:term":[{"taxonomy":"category","embeddable":true,"href":"https:\/\/agora.xtec.cat\/ceip-agsantandreu\/wp-json\/wp\/v2\/categories?post=773"},{"taxonomy":"post_tag","embeddable":true,"href":"https:\/\/agora.xtec.cat\/ceip-agsantandreu\/wp-json\/wp\/v2\/tags?post=773"}],"curies":[{"name":"wp","href":"https:\/\/api.w.org\/{rel}","templated":true}]}}