{"id":7713,"date":"2023-10-31T12:27:32","date_gmt":"2023-10-31T11:27:32","guid":{"rendered":"https:\/\/agora.xtec.cat\/ceip-agsantandreu\/?p=7713"},"modified":"2023-11-08T09:26:55","modified_gmt":"2023-11-08T08:26:55","slug":"convocatoria-deleccions-al-consell-escolar-curs-23-24","status":"publish","type":"post","link":"https:\/\/agora.xtec.cat\/ceip-agsantandreu\/general\/convocatoria-deleccions-al-consell-escolar-curs-23-24\/","title":{"rendered":"CONVOCAT\u00d2RIA D&#8217;ELECCIONS AL CONSELL ESCOLAR &#8211; CURS 23\/24"},"content":{"rendered":"<p><a href=\"https:\/\/agora.xtec.cat\/ceip-agsantandreu\/wp-content\/uploads\/usu37\/2023\/10\/Cool-Kids-Read-Retro-Poster.jpg\"><img loading=\"lazy\" decoding=\"async\" class=\"size-large wp-image-7714 alignleft\" src=\"https:\/\/agora.xtec.cat\/ceip-agsantandreu\/wp-content\/uploads\/usu37\/2023\/10\/Cool-Kids-Read-Retro-Poster-724x1024.jpg\" alt=\"\" width=\"724\" height=\"1024\" srcset=\"https:\/\/agora.xtec.cat\/ceip-agsantandreu\/wp-content\/uploads\/usu37\/2023\/10\/Cool-Kids-Read-Retro-Poster-724x1024.jpg 724w, https:\/\/agora.xtec.cat\/ceip-agsantandreu\/wp-content\/uploads\/usu37\/2023\/10\/Cool-Kids-Read-Retro-Poster-212x300.jpg 212w, https:\/\/agora.xtec.cat\/ceip-agsantandreu\/wp-content\/uploads\/usu37\/2023\/10\/Cool-Kids-Read-Retro-Poster-768x1086.jpg 768w, https:\/\/agora.xtec.cat\/ceip-agsantandreu\/wp-content\/uploads\/usu37\/2023\/10\/Cool-Kids-Read-Retro-Poster-1086x1536.jpg 1086w, https:\/\/agora.xtec.cat\/ceip-agsantandreu\/wp-content\/uploads\/usu37\/2023\/10\/Cool-Kids-Read-Retro-Poster-1448x2048.jpg 1448w, https:\/\/agora.xtec.cat\/ceip-agsantandreu\/wp-content\/uploads\/usu37\/2023\/10\/Cool-Kids-Read-Retro-Poster.jpg 1587w\" sizes=\"auto, (max-width: 724px) 100vw, 724px\" \/><\/a><\/p>\n<p>Benvolgudes fam\u00edlies!<\/p>\n<p>Ahir dia 30 d&#8217;octubre va comen\u00e7ar el procediment de la convocat\u00f2ria d&#8217;eleccions al Consell Escolar d&#8217;aquets curs 23\/24.<\/p>\n<p>Us fem coneixedors de les dates principals del procediment i de la documentaci\u00f3 necess\u00e0ria:<\/p>\n<ul>\n<li><a href=\"https:\/\/agora.xtec.cat\/ceip-agsantandreu\/wp-content\/uploads\/usu37\/2023\/10\/1991127.pdf\" target=\"_blank\" rel=\"noopener\">Resoluci\u00f3 de la convocat\u00f2ria d&#8217;eleccions al Consell Escolar.<\/a><\/li>\n<li>Sorteig on s&#8217;assignaran les fam\u00edlies que conformaran la Mesa de votacions: 8 de novembre<\/li>\n<li><a href=\"https:\/\/agora.xtec.cat\/ceip-agsantandreu\/wp-content\/uploads\/usu37\/2023\/10\/Presentacio-de-candidatura.pdf\" target=\"_blank\" rel=\"noopener\">Document per presentar una candidatura, juntament amb una fotografia de carnet (abans del 13 de novembre).<\/a><\/li>\n<li>Votacions per a les fam\u00edlies: 23 de novembre &#8211; Horari: 9.15 a 12.15h i de 15.15 a 16.45h<\/li>\n<li>Presentaci\u00f3 del nou Consell Escolar i finalitzaci\u00f3 del procediment: abans del 19 de desembre.<\/li>\n<\/ul>\n<p>Tota la informaci\u00f3 tamb\u00e9 la trobareu penjada al tauler d&#8217;anuncis del vest\u00edbul de l&#8217;escola.<\/p>\n<p>Animeu-vos a participar!<\/p>\n","protected":false},"excerpt":{"rendered":"<p><a href=\"https:\/\/agora.xtec.cat\/ceip-agsantandreu\/wp-content\/uploads\/usu37\/2023\/10\/Cool-Kids-Read-Retro-Poster.jpg\"><\/a><br \/>\nBenvolgudes fam\u00edlies!<br \/>\nAhir dia 30 d&#8217;octubre va comen\u00e7ar el procediment de la convocat\u00f2ria d&#8217;eleccions al Consell Escolar d&#8217;aquets curs 23\/24.<br \/>\nUs fem coneixedors de les dates principals del procediment i de la documentaci\u00f3 necess\u00e0ria:<\/p>\n<ul>\n<li><a href=\"https:\/\/agora.xtec.cat\/ceip-agsantandreu\/wp-content\/uploads\/usu37\/2023\/10\/1991127.pdf\" target=\"_blank\" rel=\"noopener\">Resoluci\u00f3 de la convocat\u00f2ria d&#8217;eleccions al Consell Escolar.<\/a><\/li>\n<li>Sorteig on s&#8217;assignaran&hellip;  <a href=\"https:\/\/agora.xtec.cat\/ceip-agsantandreu\/general\/convocatoria-deleccions-al-consell-escolar-curs-23-24\/\" title=\"Read CONVOCAT\u00d2RIA D&#8217;ELECCIONS AL CONSELL ESCOLAR &#8211; CURS 23\/24\">Llegeix m\u00e9s\u00bb<\/a><br \/>\n","protected":false},"author":1,"featured_media":0,"comment_status":"closed","ping_status":"closed","sticky":false,"template":"","format":"standard","meta":{"_bbp_topic_count":0,"_bbp_reply_count":0,"_bbp_total_topic_count":0,"_bbp_total_reply_count":0,"_bbp_voice_count":0,"_bbp_anonymous_reply_count":0,"_bbp_topic_count_hidden":0,"_bbp_reply_count_hidden":0,"_bbp_forum_subforum_count":0,"footnotes":""},"categories":[1,4],"tags":[],"class_list":["post-7713","post","type-post","status-publish","format-standard","hentry","category-general","category-portada"],"post_mailing_queue_ids":[],"_links":{"self":[{"href":"https:\/\/agora.xtec.cat\/ceip-agsantandreu\/wp-json\/wp\/v2\/posts\/7713","targetHints":{"allow":["GET"]}}],"collection":[{"href":"https:\/\/agora.xtec.cat\/ceip-agsantandreu\/wp-json\/wp\/v2\/posts"}],"about":[{"href":"https:\/\/agora.xtec.cat\/ceip-agsantandreu\/wp-json\/wp\/v2\/types\/post"}],"author":[{"embeddable":true,"href":"https:\/\/agora.xtec.cat\/ceip-agsantandreu\/wp-json\/wp\/v2\/users\/1"}],"replies":[{"embeddable":true,"href":"https:\/\/agora.xtec.cat\/ceip-agsantandreu\/wp-json\/wp\/v2\/comments?post=7713"}],"version-history":[{"count":5,"href":"https:\/\/agora.xtec.cat\/ceip-agsantandreu\/wp-json\/wp\/v2\/posts\/7713\/revisions"}],"predecessor-version":[{"id":7759,"href":"https:\/\/agora.xtec.cat\/ceip-agsantandreu\/wp-json\/wp\/v2\/posts\/7713\/revisions\/7759"}],"wp:attachment":[{"href":"https:\/\/agora.xtec.cat\/ceip-agsantandreu\/wp-json\/wp\/v2\/media?parent=7713"}],"wp:term":[{"taxonomy":"category","embeddable":true,"href":"https:\/\/agora.xtec.cat\/ceip-agsantandreu\/wp-json\/wp\/v2\/categories?post=7713"},{"taxonomy":"post_tag","embeddable":true,"href":"https:\/\/agora.xtec.cat\/ceip-agsantandreu\/wp-json\/wp\/v2\/tags?post=7713"}],"curies":[{"name":"wp","href":"https:\/\/api.w.org\/{rel}","templated":true}]}}