{"id":7683,"date":"2023-10-27T16:17:05","date_gmt":"2023-10-27T14:17:05","guid":{"rendered":"https:\/\/agora.xtec.cat\/ceip-agsantandreu\/?p=7683"},"modified":"2023-10-27T16:17:05","modified_gmt":"2023-10-27T14:17:05","slug":"coves-de-salnitre-de-montserrat-4t","status":"publish","type":"post","link":"https:\/\/agora.xtec.cat\/ceip-agsantandreu\/general\/coves-de-salnitre-de-montserrat-4t\/","title":{"rendered":"Coves de salnitre de Montserrat 4t"},"content":{"rendered":"<p>Avui les nenes i els nens de 4t hem visitat les coves de salnitre de Montserrat. Hem arribat al poble de Collbat\u00f3 i des d&#8217;all\u00e0 hem pujat un munt d&#8217;escales fins arribar a l&#8217;entrada de les coves. Primerament ens han posat un v\u00eddeo molt interessant sobre l&#8217;evoluci\u00f3 de les coves de salnitre des de fa 45-50 milions d&#8217;anys fins ara i despr\u00e9s hem fet una visita per la cova. La N\u00faria i la Laura ens han explicat moltes coses interessants sobre com es va formar la cova, hem vist estalactites i estalagmites, hem baixat fins a 30 metres de profunditat i hem observat els materials que formen la cova i com han evolucionat al llarg dels milions d&#8217;anys. Despr\u00e9s hem jugat a un joc de pistes i tamb\u00e9 ens han explicat com vivien els bandolers de la zona. Ha estat un dia molt interessant i profit\u00f3s perqu\u00e8 hem apr\u00e9s un munt de coses!!!<img loading=\"lazy\" decoding=\"async\" class=\"aligncenter size-full wp-image-7684\" src=\"https:\/\/agora.xtec.cat\/ceip-agsantandreu\/wp-content\/uploads\/usu37\/2023\/10\/portada-2.png\" alt=\"\" width=\"541\" height=\"540\" srcset=\"https:\/\/agora.xtec.cat\/ceip-agsantandreu\/wp-content\/uploads\/usu37\/2023\/10\/portada-2.png 541w, https:\/\/agora.xtec.cat\/ceip-agsantandreu\/wp-content\/uploads\/usu37\/2023\/10\/portada-2-300x300.png 300w, https:\/\/agora.xtec.cat\/ceip-agsantandreu\/wp-content\/uploads\/usu37\/2023\/10\/portada-2-150x150.png 150w\" sizes=\"auto, (max-width: 541px) 100vw, 541px\" \/> \u00a0\u00a0 \u00a0\u00a0 \u00a0\u00a0 \u00a0\u00a0 \u00a0\u00a0 \u00a0\u00a0 \u00a0\u00a0 \u00a0\u00a0 \u00a0\u00a0 \u00a0\u00a0 \u00a0\u00a0 \u00a0\u00a0 \u00a0\u00a0 \u00a0\u00a0 \u00a0\u00a0 \u00a0\u00a0 \u00a0\u00a0 \u00a0\u00a0 \u00a0\u00a0 \u00a0\u00a0 \u00a0\u00a0 \u00a0\u00a0 \u00a0\u00a0 \u00a0\u00a0 \u00a0\u00a0 \u00a0\u00a0 \u00a0\u00a0 \u00a0\u00a0 \u00a0\u00a0 \u00a0\u00a0 \u00a0\u00a0 \u00a0\u00a0 \u00a0\u00a0 \u00a0\u00a0 \u00a0\u00a0 \u00a0\u00a0 \u00a0\u00a0 \u00a0\u00a0 \u00a0\u00a0 \u00a0\u00a0 \u00a0\u00a0 \u00a0\u00a0 \u00a0\u00a0 \u00a0\u00a0 \u00a0\u00a0 \u00a0\u00a0 \u00a0\u00a0 \u00a0\u00a0 \u00a0\u00a0<a href=\"https:\/\/photos.app.goo.gl\/sCsE4MT9Eawt9nKA9\" target=\"_blank\" rel=\"noopener\">FOTOGRAFIES<\/a><\/p>\n","protected":false},"excerpt":{"rendered":"<p>Avui les nenes i els nens de 4t hem visitat les coves de salnitre de Montserrat. Hem arribat al poble de Collbat\u00f3 i des d&#8217;all\u00e0 hem pujat un munt d&#8217;escales fins arribar a l&#8217;entrada de les coves. Primerament ens han posat un v\u00eddeo molt interessant&hellip;  <a href=\"https:\/\/agora.xtec.cat\/ceip-agsantandreu\/general\/coves-de-salnitre-de-montserrat-4t\/\" title=\"Read Coves de salnitre de Montserrat 4t\">Llegeix m\u00e9s\u00bb<\/a><\/p>\n","protected":false},"author":1,"featured_media":0,"comment_status":"closed","ping_status":"closed","sticky":false,"template":"","format":"standard","meta":{"_bbp_topic_count":0,"_bbp_reply_count":0,"_bbp_total_topic_count":0,"_bbp_total_reply_count":0,"_bbp_voice_count":0,"_bbp_anonymous_reply_count":0,"_bbp_topic_count_hidden":0,"_bbp_reply_count_hidden":0,"_bbp_forum_subforum_count":0,"footnotes":""},"categories":[58,1,4],"tags":[],"class_list":["post-7683","post","type-post","status-publish","format-standard","hentry","category-mitjans-mitjans","category-general","category-portada"],"post_mailing_queue_ids":[],"_links":{"self":[{"href":"https:\/\/agora.xtec.cat\/ceip-agsantandreu\/wp-json\/wp\/v2\/posts\/7683","targetHints":{"allow":["GET"]}}],"collection":[{"href":"https:\/\/agora.xtec.cat\/ceip-agsantandreu\/wp-json\/wp\/v2\/posts"}],"about":[{"href":"https:\/\/agora.xtec.cat\/ceip-agsantandreu\/wp-json\/wp\/v2\/types\/post"}],"author":[{"embeddable":true,"href":"https:\/\/agora.xtec.cat\/ceip-agsantandreu\/wp-json\/wp\/v2\/users\/1"}],"replies":[{"embeddable":true,"href":"https:\/\/agora.xtec.cat\/ceip-agsantandreu\/wp-json\/wp\/v2\/comments?post=7683"}],"version-history":[{"count":1,"href":"https:\/\/agora.xtec.cat\/ceip-agsantandreu\/wp-json\/wp\/v2\/posts\/7683\/revisions"}],"predecessor-version":[{"id":7685,"href":"https:\/\/agora.xtec.cat\/ceip-agsantandreu\/wp-json\/wp\/v2\/posts\/7683\/revisions\/7685"}],"wp:attachment":[{"href":"https:\/\/agora.xtec.cat\/ceip-agsantandreu\/wp-json\/wp\/v2\/media?parent=7683"}],"wp:term":[{"taxonomy":"category","embeddable":true,"href":"https:\/\/agora.xtec.cat\/ceip-agsantandreu\/wp-json\/wp\/v2\/categories?post=7683"},{"taxonomy":"post_tag","embeddable":true,"href":"https:\/\/agora.xtec.cat\/ceip-agsantandreu\/wp-json\/wp\/v2\/tags?post=7683"}],"curies":[{"name":"wp","href":"https:\/\/api.w.org\/{rel}","templated":true}]}}