{"id":7644,"date":"2023-10-05T16:06:23","date_gmt":"2023-10-05T14:06:23","guid":{"rendered":"https:\/\/agora.xtec.cat\/ceip-agsantandreu\/?p=7644"},"modified":"2023-10-11T11:07:55","modified_gmt":"2023-10-11T09:07:55","slug":"hem-escrit-una-carta","status":"publish","type":"post","link":"https:\/\/agora.xtec.cat\/ceip-agsantandreu\/general\/hem-escrit-una-carta\/","title":{"rendered":"Hem escrit una carta!"},"content":{"rendered":"<p>&nbsp;<\/p>\n<p><a href=\"https:\/\/agora.xtec.cat\/ceip-agsantandreu\/wp-content\/uploads\/usu37\/2023\/10\/carta.jpg\"><img loading=\"lazy\" decoding=\"async\" class=\"wp-image-7645 aligncenter\" src=\"https:\/\/agora.xtec.cat\/ceip-agsantandreu\/wp-content\/uploads\/usu37\/2023\/10\/carta.jpg\" alt=\"\" width=\"164\" height=\"164\" srcset=\"https:\/\/agora.xtec.cat\/ceip-agsantandreu\/wp-content\/uploads\/usu37\/2023\/10\/carta.jpg 640w, https:\/\/agora.xtec.cat\/ceip-agsantandreu\/wp-content\/uploads\/usu37\/2023\/10\/carta-300x300.jpg 300w, https:\/\/agora.xtec.cat\/ceip-agsantandreu\/wp-content\/uploads\/usu37\/2023\/10\/carta-150x150.jpg 150w\" sizes=\"auto, (max-width: 164px) 100vw, 164px\" \/><\/a><\/p>\n<p>Hola a totes i tots!<\/p>\n<p>Durant aquests dies hem estat treballant de valent per tal d&#8217;escriure una carta informal a algun familiar, amic, conegut&#8230;<\/p>\n<p>No ha estat una feina gens f\u00e0cil. Primer vam treballar-ne l&#8217;estructura i vam pensar qu\u00e8 vol\u00edem dir. Despr\u00e9s vam fer el primer escrit, vam corregir-lo i passar-lo a n\u00e9t. Finalment, vam escriure l&#8217;adre\u00e7a al sobre i vam anar a depositar-lo a la b\u00fastia!<\/p>\n<p>Quines ganes tenen que arribin les cartes als seus destinataris i destinat\u00e0ries!<\/p>\n<p>&nbsp;<\/p>\n<p><a href=\"https:\/\/photos.app.goo.gl\/RAo3BVC99WsVDcjz7\">ESCRIVIM UNA CARTA<\/a><\/p>\n","protected":false},"excerpt":{"rendered":"<p>&nbsp;<br \/>\n<a href=\"https:\/\/agora.xtec.cat\/ceip-agsantandreu\/wp-content\/uploads\/usu37\/2023\/10\/carta.jpg\"><\/a><br \/>\nHola a totes i tots!<br \/>\nDurant aquests dies hem estat treballant de valent per tal d&#8217;escriure una carta informal a algun familiar, amic, conegut&#8230;<br \/>\nNo ha estat una feina gens f\u00e0cil. Primer vam treballar-ne l&#8217;estructura i vam pensar qu\u00e8 vol\u00edem dir. Despr\u00e9s vam fer el primer&hellip;  <a href=\"https:\/\/agora.xtec.cat\/ceip-agsantandreu\/general\/hem-escrit-una-carta\/\" title=\"Read Hem escrit una carta!\">Llegeix m\u00e9s\u00bb<\/a><\/p>\n","protected":false},"author":3,"featured_media":0,"comment_status":"closed","ping_status":"closed","sticky":false,"template":"","format":"standard","meta":{"_bbp_topic_count":0,"_bbp_reply_count":0,"_bbp_total_topic_count":0,"_bbp_total_reply_count":0,"_bbp_voice_count":0,"_bbp_anonymous_reply_count":0,"_bbp_topic_count_hidden":0,"_bbp_reply_count_hidden":0,"_bbp_forum_subforum_count":0,"footnotes":""},"categories":[58,57,1],"tags":[],"class_list":["post-7644","post","type-post","status-publish","format-standard","hentry","category-mitjans-mitjans","category-comunitats","category-general"],"post_mailing_queue_ids":[],"_links":{"self":[{"href":"https:\/\/agora.xtec.cat\/ceip-agsantandreu\/wp-json\/wp\/v2\/posts\/7644","targetHints":{"allow":["GET"]}}],"collection":[{"href":"https:\/\/agora.xtec.cat\/ceip-agsantandreu\/wp-json\/wp\/v2\/posts"}],"about":[{"href":"https:\/\/agora.xtec.cat\/ceip-agsantandreu\/wp-json\/wp\/v2\/types\/post"}],"author":[{"embeddable":true,"href":"https:\/\/agora.xtec.cat\/ceip-agsantandreu\/wp-json\/wp\/v2\/users\/3"}],"replies":[{"embeddable":true,"href":"https:\/\/agora.xtec.cat\/ceip-agsantandreu\/wp-json\/wp\/v2\/comments?post=7644"}],"version-history":[{"count":1,"href":"https:\/\/agora.xtec.cat\/ceip-agsantandreu\/wp-json\/wp\/v2\/posts\/7644\/revisions"}],"predecessor-version":[{"id":7646,"href":"https:\/\/agora.xtec.cat\/ceip-agsantandreu\/wp-json\/wp\/v2\/posts\/7644\/revisions\/7646"}],"wp:attachment":[{"href":"https:\/\/agora.xtec.cat\/ceip-agsantandreu\/wp-json\/wp\/v2\/media?parent=7644"}],"wp:term":[{"taxonomy":"category","embeddable":true,"href":"https:\/\/agora.xtec.cat\/ceip-agsantandreu\/wp-json\/wp\/v2\/categories?post=7644"},{"taxonomy":"post_tag","embeddable":true,"href":"https:\/\/agora.xtec.cat\/ceip-agsantandreu\/wp-json\/wp\/v2\/tags?post=7644"}],"curies":[{"name":"wp","href":"https:\/\/api.w.org\/{rel}","templated":true}]}}