{"id":7630,"date":"2023-10-04T13:22:20","date_gmt":"2023-10-04T11:22:20","guid":{"rendered":"https:\/\/agora.xtec.cat\/ceip-agsantandreu\/?p=7630"},"modified":"2023-10-04T17:43:18","modified_gmt":"2023-10-04T15:43:18","slug":"la-verema-a-can-puig-1r","status":"publish","type":"post","link":"https:\/\/agora.xtec.cat\/ceip-agsantandreu\/general\/la-verema-a-can-puig-1r\/","title":{"rendered":"La verema a Can Puig 1r"},"content":{"rendered":"<p>Les nenes i els nens de primer hem visitat la masia Can Puig. Un cop all\u00e0, hem anat a les vinyes i hem recollit ra\u00efm que despr\u00e9s hem trepitjat\u00a0 en una tina. Tamb\u00e9 ens han explicat coses molt interessants sobre com es fa el vi i tamb\u00e9 sobre els fruits de tardor. La masia estava envoltada de grans espais verds i zones de joc.<\/p>\n<p>Ho hem passat d&#8217;all\u00f2 m\u00e9s b\u00e9!!<\/p>\n<p><a href=\"https:\/\/photos.app.goo.gl\/DGLsNQDtio7NGgs2A\" target=\"_blank\" rel=\"noopener\">FOTOGRAFIES<img loading=\"lazy\" decoding=\"async\" class=\"aligncenter wp-image-7631\" src=\"https:\/\/agora.xtec.cat\/ceip-agsantandreu\/wp-content\/uploads\/usu37\/2023\/10\/portada-1.png\" alt=\"\" width=\"367\" height=\"284\" srcset=\"https:\/\/agora.xtec.cat\/ceip-agsantandreu\/wp-content\/uploads\/usu37\/2023\/10\/portada-1.png 1214w, https:\/\/agora.xtec.cat\/ceip-agsantandreu\/wp-content\/uploads\/usu37\/2023\/10\/portada-1-300x232.png 300w, https:\/\/agora.xtec.cat\/ceip-agsantandreu\/wp-content\/uploads\/usu37\/2023\/10\/portada-1-1024x792.png 1024w, https:\/\/agora.xtec.cat\/ceip-agsantandreu\/wp-content\/uploads\/usu37\/2023\/10\/portada-1-768x594.png 768w\" sizes=\"auto, (max-width: 367px) 100vw, 367px\" \/><\/a><\/p>\n","protected":false},"excerpt":{"rendered":"<p>Les nenes i els nens de primer hem visitat la masia Can Puig. Un cop all\u00e0, hem anat a les vinyes i hem recollit ra\u00efm que despr\u00e9s hem trepitjat\u00a0 en una tina. Tamb\u00e9 ens han explicat coses molt interessants sobre com es fa el vi&hellip;  <a href=\"https:\/\/agora.xtec.cat\/ceip-agsantandreu\/general\/la-verema-a-can-puig-1r\/\" title=\"Read La verema a Can Puig 1r\">Llegeix m\u00e9s\u00bb<\/a><\/p>\n","protected":false},"author":1,"featured_media":0,"comment_status":"closed","ping_status":"closed","sticky":false,"template":"","format":"standard","meta":{"_bbp_topic_count":0,"_bbp_reply_count":0,"_bbp_total_topic_count":0,"_bbp_total_reply_count":0,"_bbp_voice_count":0,"_bbp_anonymous_reply_count":0,"_bbp_topic_count_hidden":0,"_bbp_reply_count_hidden":0,"_bbp_forum_subforum_count":0,"footnotes":""},"categories":[5,1,4],"tags":[],"class_list":["post-7630","post","type-post","status-publish","format-standard","hentry","category-mitjans","category-general","category-portada"],"post_mailing_queue_ids":[],"_links":{"self":[{"href":"https:\/\/agora.xtec.cat\/ceip-agsantandreu\/wp-json\/wp\/v2\/posts\/7630","targetHints":{"allow":["GET"]}}],"collection":[{"href":"https:\/\/agora.xtec.cat\/ceip-agsantandreu\/wp-json\/wp\/v2\/posts"}],"about":[{"href":"https:\/\/agora.xtec.cat\/ceip-agsantandreu\/wp-json\/wp\/v2\/types\/post"}],"author":[{"embeddable":true,"href":"https:\/\/agora.xtec.cat\/ceip-agsantandreu\/wp-json\/wp\/v2\/users\/1"}],"replies":[{"embeddable":true,"href":"https:\/\/agora.xtec.cat\/ceip-agsantandreu\/wp-json\/wp\/v2\/comments?post=7630"}],"version-history":[{"count":6,"href":"https:\/\/agora.xtec.cat\/ceip-agsantandreu\/wp-json\/wp\/v2\/posts\/7630\/revisions"}],"predecessor-version":[{"id":7640,"href":"https:\/\/agora.xtec.cat\/ceip-agsantandreu\/wp-json\/wp\/v2\/posts\/7630\/revisions\/7640"}],"wp:attachment":[{"href":"https:\/\/agora.xtec.cat\/ceip-agsantandreu\/wp-json\/wp\/v2\/media?parent=7630"}],"wp:term":[{"taxonomy":"category","embeddable":true,"href":"https:\/\/agora.xtec.cat\/ceip-agsantandreu\/wp-json\/wp\/v2\/categories?post=7630"},{"taxonomy":"post_tag","embeddable":true,"href":"https:\/\/agora.xtec.cat\/ceip-agsantandreu\/wp-json\/wp\/v2\/tags?post=7630"}],"curies":[{"name":"wp","href":"https:\/\/api.w.org\/{rel}","templated":true}]}}