{"id":7622,"date":"2023-10-02T13:39:22","date_gmt":"2023-10-02T11:39:22","guid":{"rendered":"https:\/\/agora.xtec.cat\/ceip-agsantandreu\/?p=7622"},"modified":"2023-10-04T17:42:02","modified_gmt":"2023-10-04T15:42:02","slug":"primera-visita-a-la-biblioteca","status":"publish","type":"post","link":"https:\/\/agora.xtec.cat\/ceip-agsantandreu\/general\/primera-visita-a-la-biblioteca\/","title":{"rendered":"PRIMERA VISITA A LA BIBLIOTECA"},"content":{"rendered":"<p><a href=\"https:\/\/agora.xtec.cat\/ceip-agsantandreu\/wp-content\/uploads\/usu37\/2023\/10\/bib.jpg\"><img loading=\"lazy\" decoding=\"async\" class=\"aligncenter wp-image-7624\" src=\"https:\/\/agora.xtec.cat\/ceip-agsantandreu\/wp-content\/uploads\/usu37\/2023\/10\/bib.jpg\" alt=\"\" width=\"258\" height=\"258\" srcset=\"https:\/\/agora.xtec.cat\/ceip-agsantandreu\/wp-content\/uploads\/usu37\/2023\/10\/bib.jpg 640w, https:\/\/agora.xtec.cat\/ceip-agsantandreu\/wp-content\/uploads\/usu37\/2023\/10\/bib-300x300.jpg 300w, https:\/\/agora.xtec.cat\/ceip-agsantandreu\/wp-content\/uploads\/usu37\/2023\/10\/bib-150x150.jpg 150w\" sizes=\"auto, (max-width: 258px) 100vw, 258px\" \/><\/a>Hola fam\u00edlies!<\/p>\n<p>Ja hem comen\u00e7at a fer l&#8217;estona de lectura a la biblioteca.\u00a0 Enguany, gaudirem d&#8217;una visita quinzenal a aquest espai on podrem fer lectura individual o b\u00e9 compartir els llibres amb els nostres companys i companyes.<\/p>\n<p>All\u00e0 hi trobem molt\u00edssimes opcions de lectura: c\u00f2mics, narrativa, revistes&#8230; per tal de triar lliurement el que volem segons els nostres gustos i la nostra edat.<\/p>\n<p>Mireu quina estona m\u00e9s agradable hem passat:<\/p>\n<p><a href=\"https:\/\/drive.google.com\/drive\/folders\/1DL7LTrdmwx-qPqLzqE98wieZAcTk-k12?usp=sharing\">PRIMERA VISITA A LA BIBLIOTECA!<\/a><\/p>\n","protected":false},"excerpt":{"rendered":"<p><a href=\"https:\/\/agora.xtec.cat\/ceip-agsantandreu\/wp-content\/uploads\/usu37\/2023\/10\/bib.jpg\"><\/a>Hola fam\u00edlies!<br \/>\nJa hem comen\u00e7at a fer l&#8217;estona de lectura a la biblioteca.\u00a0 Enguany, gaudirem d&#8217;una visita quinzenal a aquest espai on podrem fer lectura individual o b\u00e9 compartir els llibres amb els nostres companys i companyes.<br \/>\nAll\u00e0 hi trobem molt\u00edssimes opcions de lectura: c\u00f2mics, narrativa,&hellip;  <a href=\"https:\/\/agora.xtec.cat\/ceip-agsantandreu\/general\/primera-visita-a-la-biblioteca\/\" title=\"Read PRIMERA VISITA A LA BIBLIOTECA\">Llegeix m\u00e9s\u00bb<\/a><\/p>\n","protected":false},"author":3,"featured_media":7624,"comment_status":"closed","ping_status":"closed","sticky":false,"template":"","format":"standard","meta":{"_bbp_topic_count":0,"_bbp_reply_count":0,"_bbp_total_topic_count":0,"_bbp_total_reply_count":0,"_bbp_voice_count":0,"_bbp_anonymous_reply_count":0,"_bbp_topic_count_hidden":0,"_bbp_reply_count_hidden":0,"_bbp_forum_subforum_count":0,"footnotes":""},"categories":[58,1,4],"tags":[],"class_list":["post-7622","post","type-post","status-publish","format-standard","has-post-thumbnail","hentry","category-mitjans-mitjans","category-general","category-portada"],"post_mailing_queue_ids":[],"_links":{"self":[{"href":"https:\/\/agora.xtec.cat\/ceip-agsantandreu\/wp-json\/wp\/v2\/posts\/7622","targetHints":{"allow":["GET"]}}],"collection":[{"href":"https:\/\/agora.xtec.cat\/ceip-agsantandreu\/wp-json\/wp\/v2\/posts"}],"about":[{"href":"https:\/\/agora.xtec.cat\/ceip-agsantandreu\/wp-json\/wp\/v2\/types\/post"}],"author":[{"embeddable":true,"href":"https:\/\/agora.xtec.cat\/ceip-agsantandreu\/wp-json\/wp\/v2\/users\/3"}],"replies":[{"embeddable":true,"href":"https:\/\/agora.xtec.cat\/ceip-agsantandreu\/wp-json\/wp\/v2\/comments?post=7622"}],"version-history":[{"count":5,"href":"https:\/\/agora.xtec.cat\/ceip-agsantandreu\/wp-json\/wp\/v2\/posts\/7622\/revisions"}],"predecessor-version":[{"id":7629,"href":"https:\/\/agora.xtec.cat\/ceip-agsantandreu\/wp-json\/wp\/v2\/posts\/7622\/revisions\/7629"}],"wp:featuredmedia":[{"embeddable":true,"href":"https:\/\/agora.xtec.cat\/ceip-agsantandreu\/wp-json\/wp\/v2\/media\/7624"}],"wp:attachment":[{"href":"https:\/\/agora.xtec.cat\/ceip-agsantandreu\/wp-json\/wp\/v2\/media?parent=7622"}],"wp:term":[{"taxonomy":"category","embeddable":true,"href":"https:\/\/agora.xtec.cat\/ceip-agsantandreu\/wp-json\/wp\/v2\/categories?post=7622"},{"taxonomy":"post_tag","embeddable":true,"href":"https:\/\/agora.xtec.cat\/ceip-agsantandreu\/wp-json\/wp\/v2\/tags?post=7622"}],"curies":[{"name":"wp","href":"https:\/\/api.w.org\/{rel}","templated":true}]}}