{"id":7610,"date":"2023-10-02T11:25:19","date_gmt":"2023-10-02T09:25:19","guid":{"rendered":"https:\/\/agora.xtec.cat\/ceip-agsantandreu\/?p=7610"},"modified":"2023-10-02T11:25:19","modified_gmt":"2023-10-02T09:25:19","slug":"i-3-adaptacio-aconseguida","status":"publish","type":"post","link":"https:\/\/agora.xtec.cat\/ceip-agsantandreu\/general\/i-3-adaptacio-aconseguida\/","title":{"rendered":"I.3 &#8211; Adaptaci\u00f3 aconseguida!"},"content":{"rendered":"<p>Els nens i nenes d&#8217;I3 han superat el seu primer mes d&#8217;adaptaci\u00f3 a l&#8217;escola i ho han fet de manera excel:lent, gr\u00e0cies al seu esfor\u00e7 i la col.laboraci\u00f3 de les fam\u00edlies!<\/p>\n<p>Una forta abra\u00e7ada!<\/p>\n<p><a href=\"https:\/\/agora.xtec.cat\/ceip-agsantandreu\/wp-content\/uploads\/usu37\/2023\/09\/IMG-20230929-WA0006.jpg\"><img loading=\"lazy\" decoding=\"async\" class=\"wp-image-7613 aligncenter\" src=\"https:\/\/agora.xtec.cat\/ceip-agsantandreu\/wp-content\/uploads\/usu37\/2023\/09\/IMG-20230929-WA0006-1024x768.jpg\" alt=\"\" width=\"731\" height=\"548\" srcset=\"https:\/\/agora.xtec.cat\/ceip-agsantandreu\/wp-content\/uploads\/usu37\/2023\/09\/IMG-20230929-WA0006-1024x768.jpg 1024w, https:\/\/agora.xtec.cat\/ceip-agsantandreu\/wp-content\/uploads\/usu37\/2023\/09\/IMG-20230929-WA0006-300x225.jpg 300w, https:\/\/agora.xtec.cat\/ceip-agsantandreu\/wp-content\/uploads\/usu37\/2023\/09\/IMG-20230929-WA0006-768x576.jpg 768w, https:\/\/agora.xtec.cat\/ceip-agsantandreu\/wp-content\/uploads\/usu37\/2023\/09\/IMG-20230929-WA0006-1536x1152.jpg 1536w, https:\/\/agora.xtec.cat\/ceip-agsantandreu\/wp-content\/uploads\/usu37\/2023\/09\/IMG-20230929-WA0006-200x150.jpg 200w, https:\/\/agora.xtec.cat\/ceip-agsantandreu\/wp-content\/uploads\/usu37\/2023\/09\/IMG-20230929-WA0006.jpg 2040w\" sizes=\"auto, (max-width: 731px) 100vw, 731px\" \/><\/a><\/p>\n<p style=\"text-align: center\"><a href=\"https:\/\/photos.app.goo.gl\/ugjo1sm3YJToVBS9A\">FOTOGRAFIES<\/a><\/p>\n","protected":false},"excerpt":{"rendered":"<p>Els nens i nenes d&#8217;I3 han superat el seu primer mes d&#8217;adaptaci\u00f3 a l&#8217;escola i ho han fet de manera excel:lent, gr\u00e0cies al seu esfor\u00e7 i la col.laboraci\u00f3 de les fam\u00edlies!<br \/>\nUna forta abra\u00e7ada!<br \/>\n<a href=\"https:\/\/agora.xtec.cat\/ceip-agsantandreu\/wp-content\/uploads\/usu37\/2023\/09\/IMG-20230929-WA0006.jpg\"><\/a><br \/>\n<a href=\"https:\/\/photos.app.goo.gl\/ugjo1sm3YJToVBS9A\">FOTOGRAFIES<\/a><\/p>\n","protected":false},"author":3,"featured_media":0,"comment_status":"closed","ping_status":"closed","sticky":false,"template":"","format":"standard","meta":{"_bbp_topic_count":0,"_bbp_reply_count":0,"_bbp_total_topic_count":0,"_bbp_total_reply_count":0,"_bbp_voice_count":0,"_bbp_anonymous_reply_count":0,"_bbp_topic_count_hidden":0,"_bbp_reply_count_hidden":0,"_bbp_forum_subforum_count":0,"footnotes":""},"categories":[2,1,4],"tags":[],"class_list":["post-7610","post","type-post","status-publish","format-standard","hentry","category-petits","category-general","category-portada"],"post_mailing_queue_ids":[],"_links":{"self":[{"href":"https:\/\/agora.xtec.cat\/ceip-agsantandreu\/wp-json\/wp\/v2\/posts\/7610","targetHints":{"allow":["GET"]}}],"collection":[{"href":"https:\/\/agora.xtec.cat\/ceip-agsantandreu\/wp-json\/wp\/v2\/posts"}],"about":[{"href":"https:\/\/agora.xtec.cat\/ceip-agsantandreu\/wp-json\/wp\/v2\/types\/post"}],"author":[{"embeddable":true,"href":"https:\/\/agora.xtec.cat\/ceip-agsantandreu\/wp-json\/wp\/v2\/users\/3"}],"replies":[{"embeddable":true,"href":"https:\/\/agora.xtec.cat\/ceip-agsantandreu\/wp-json\/wp\/v2\/comments?post=7610"}],"version-history":[{"count":5,"href":"https:\/\/agora.xtec.cat\/ceip-agsantandreu\/wp-json\/wp\/v2\/posts\/7610\/revisions"}],"predecessor-version":[{"id":7616,"href":"https:\/\/agora.xtec.cat\/ceip-agsantandreu\/wp-json\/wp\/v2\/posts\/7610\/revisions\/7616"}],"wp:attachment":[{"href":"https:\/\/agora.xtec.cat\/ceip-agsantandreu\/wp-json\/wp\/v2\/media?parent=7610"}],"wp:term":[{"taxonomy":"category","embeddable":true,"href":"https:\/\/agora.xtec.cat\/ceip-agsantandreu\/wp-json\/wp\/v2\/categories?post=7610"},{"taxonomy":"post_tag","embeddable":true,"href":"https:\/\/agora.xtec.cat\/ceip-agsantandreu\/wp-json\/wp\/v2\/tags?post=7610"}],"curies":[{"name":"wp","href":"https:\/\/api.w.org\/{rel}","templated":true}]}}