{"id":7597,"date":"2023-09-25T13:58:57","date_gmt":"2023-09-25T11:58:57","guid":{"rendered":"https:\/\/agora.xtec.cat\/ceip-agsantandreu\/?p=7597"},"modified":"2023-09-25T13:58:57","modified_gmt":"2023-09-25T11:58:57","slug":"inici-de-curs-al-3r-cicle","status":"publish","type":"post","link":"https:\/\/agora.xtec.cat\/ceip-agsantandreu\/general\/inici-de-curs-al-3r-cicle\/","title":{"rendered":"Inici de curs al 3r Cicle!"},"content":{"rendered":"<p>El curs ha comen\u00e7at i l&#8217;alumnat de 5\u00e8 ja est\u00e0 treballant de valent!<\/p>\n<p>Aqu\u00ed els tenim engrescats amb els seus ordinadors personals en marxa, fent servir la llibreta i realitzant les tasques simult\u00e0niament.<\/p>\n<p>L&#8217;adaptaci\u00f3 de l&#8217;alumnat al nou curs est\u00e0 anant genial!<\/p>\n<p><a href=\"https:\/\/photos.app.goo.gl\/cH2CZCXoaRS2CSqRA\" target=\"_blank\" rel=\"noopener\">Imatges dels alumnes de 5\u00e8 &#8211; Curs 23\/24<\/a><a href=\"https:\/\/photos.app.goo.gl\/cH2CZCXoaRS2CSqRA\" target=\"_blank\" rel=\"noopener\"><br \/>\n<\/a><a href=\"https:\/\/photos.app.goo.gl\/cH2CZCXoaRS2CSqRA\" target=\"_blank\" rel=\"noopener\"><img loading=\"lazy\" decoding=\"async\" class=\"aligncenter wp-image-7598 size-full\" src=\"https:\/\/agora.xtec.cat\/ceip-agsantandreu\/wp-content\/uploads\/usu37\/2023\/09\/WhatsApp-Image-2023-09-25-at-11.26.49.jpeg\" alt=\"\" width=\"2048\" height=\"1536\" srcset=\"https:\/\/agora.xtec.cat\/ceip-agsantandreu\/wp-content\/uploads\/usu37\/2023\/09\/WhatsApp-Image-2023-09-25-at-11.26.49.jpeg 2048w, https:\/\/agora.xtec.cat\/ceip-agsantandreu\/wp-content\/uploads\/usu37\/2023\/09\/WhatsApp-Image-2023-09-25-at-11.26.49-300x225.jpeg 300w, https:\/\/agora.xtec.cat\/ceip-agsantandreu\/wp-content\/uploads\/usu37\/2023\/09\/WhatsApp-Image-2023-09-25-at-11.26.49-1024x768.jpeg 1024w, https:\/\/agora.xtec.cat\/ceip-agsantandreu\/wp-content\/uploads\/usu37\/2023\/09\/WhatsApp-Image-2023-09-25-at-11.26.49-768x576.jpeg 768w, https:\/\/agora.xtec.cat\/ceip-agsantandreu\/wp-content\/uploads\/usu37\/2023\/09\/WhatsApp-Image-2023-09-25-at-11.26.49-1536x1152.jpeg 1536w, https:\/\/agora.xtec.cat\/ceip-agsantandreu\/wp-content\/uploads\/usu37\/2023\/09\/WhatsApp-Image-2023-09-25-at-11.26.49-200x150.jpeg 200w\" sizes=\"auto, (max-width: 2048px) 100vw, 2048px\" \/><\/a><\/p>\n","protected":false},"excerpt":{"rendered":"<p>El curs ha comen\u00e7at i l&#8217;alumnat de 5\u00e8 ja est\u00e0 treballant de valent!<br \/>\nAqu\u00ed els tenim engrescats amb els seus ordinadors personals en marxa, fent servir la llibreta i realitzant les tasques simult\u00e0niament.<br \/>\nL&#8217;adaptaci\u00f3 de l&#8217;alumnat al nou curs est\u00e0 anant genial!<br \/>\n<a href=\"https:\/\/photos.app.goo.gl\/cH2CZCXoaRS2CSqRA\" target=\"_blank\" rel=\"noopener\">Imatges dels alumnes&hellip;  <a href=\"https:\/\/agora.xtec.cat\/ceip-agsantandreu\/general\/inici-de-curs-al-3r-cicle\/\" title=\"Read Inici de curs al 3r Cicle!\">Llegeix m\u00e9s\u00bb<\/a><\/p>\n","protected":false},"author":1,"featured_media":0,"comment_status":"closed","ping_status":"closed","sticky":false,"template":"","format":"standard","meta":{"_bbp_topic_count":0,"_bbp_reply_count":0,"_bbp_total_topic_count":0,"_bbp_total_reply_count":0,"_bbp_voice_count":0,"_bbp_anonymous_reply_count":0,"_bbp_topic_count_hidden":0,"_bbp_reply_count_hidden":0,"_bbp_forum_subforum_count":0,"footnotes":""},"categories":[59,1,4],"tags":[],"class_list":["post-7597","post","type-post","status-publish","format-standard","hentry","category-grans","category-general","category-portada"],"post_mailing_queue_ids":[],"_links":{"self":[{"href":"https:\/\/agora.xtec.cat\/ceip-agsantandreu\/wp-json\/wp\/v2\/posts\/7597","targetHints":{"allow":["GET"]}}],"collection":[{"href":"https:\/\/agora.xtec.cat\/ceip-agsantandreu\/wp-json\/wp\/v2\/posts"}],"about":[{"href":"https:\/\/agora.xtec.cat\/ceip-agsantandreu\/wp-json\/wp\/v2\/types\/post"}],"author":[{"embeddable":true,"href":"https:\/\/agora.xtec.cat\/ceip-agsantandreu\/wp-json\/wp\/v2\/users\/1"}],"replies":[{"embeddable":true,"href":"https:\/\/agora.xtec.cat\/ceip-agsantandreu\/wp-json\/wp\/v2\/comments?post=7597"}],"version-history":[{"count":1,"href":"https:\/\/agora.xtec.cat\/ceip-agsantandreu\/wp-json\/wp\/v2\/posts\/7597\/revisions"}],"predecessor-version":[{"id":7599,"href":"https:\/\/agora.xtec.cat\/ceip-agsantandreu\/wp-json\/wp\/v2\/posts\/7597\/revisions\/7599"}],"wp:attachment":[{"href":"https:\/\/agora.xtec.cat\/ceip-agsantandreu\/wp-json\/wp\/v2\/media?parent=7597"}],"wp:term":[{"taxonomy":"category","embeddable":true,"href":"https:\/\/agora.xtec.cat\/ceip-agsantandreu\/wp-json\/wp\/v2\/categories?post=7597"},{"taxonomy":"post_tag","embeddable":true,"href":"https:\/\/agora.xtec.cat\/ceip-agsantandreu\/wp-json\/wp\/v2\/tags?post=7597"}],"curies":[{"name":"wp","href":"https:\/\/api.w.org\/{rel}","templated":true}]}}