{"id":757,"date":"2017-09-08T15:00:52","date_gmt":"2017-09-08T13:00:52","guid":{"rendered":"http:\/\/agora.xtec.cat\/ceip-agsantandreu\/?p=757"},"modified":"2017-09-08T15:56:25","modified_gmt":"2017-09-08T13:56:25","slug":"entrada-primer-dia-de-classe-120917","status":"publish","type":"post","link":"https:\/\/agora.xtec.cat\/ceip-agsantandreu\/portada\/entrada-primer-dia-de-classe-120917\/","title":{"rendered":"ENTRADA PRIMER D\u00cdA DE CLASSE (12\/09\/17)"},"content":{"rendered":"<p>Benvolgudes fam\u00edlies,<\/p>\n<p>Ja iniciem el nou curs escolar i us fem cinc c\u00e8ntims de l&#8217;organitzaci\u00f3 de les entrades del primer dia de classe. Tamb\u00e9 podreu trobar a sota la circular informativa d&#8217;inici de curs amb les principals novetats i normes de funcionament i organitzaci\u00f3 del centre.<\/p>\n<p><span style=\"text-decoration: underline;\"><strong>Educaci\u00f3 Infantil (P4 i P5), 1r i 2nA<\/strong><\/span>: L&#8217;entrada es far\u00e0 de manera habitual tal com s&#8217;explica a la circular abaix adjunta.<\/p>\n<p><span style=\"text-decoration: underline;\"><strong>2nB, 2nC, 3r, 4t, 5\u00e8 i 6\u00e8<\/strong><\/span><strong>:\u00a0<\/strong>Nom\u00e9s per aquest primer d\u00eda i per tal que hi hagi un primer contacte entre tutors\/es i fam\u00edlies es\u00a0faran files al pati, als llocs assignats que s&#8217;especifiquen a la circular esmentada. Els tutors\/es s&#8217;identificaran amb un cartell d&#8217;aula.<\/p>\n<p>Salutacions,<\/p>\n<p>La Direcci\u00f3 del centre<\/p>\n<p><a href=\"http:\/\/agora.xtec.cat\/ceip-agsantandreu\/wp-content\/uploads\/usu37\/2017\/09\/1.-informacions-inici-de-curs-17-18-1.pdf\">CIRCULAR INFORMACIONS INICI DE CURS 2017-2018<\/a><\/p>\n<p>&nbsp;<\/p>\n<p>&nbsp;<\/p>\n<p>&nbsp;<\/p>\n<p>&nbsp;<\/p>\n","protected":false},"excerpt":{"rendered":"<p>Benvolgudes fam\u00edlies,<br \/>\nJa iniciem el nou curs escolar i us fem cinc c\u00e8ntims de l&#8217;organitzaci\u00f3 de les entrades del primer dia de classe. Tamb\u00e9 podreu trobar a sota la circular informativa d&#8217;inici de curs amb les principals novetats i normes de funcionament i organitzaci\u00f3 del centre.<br \/>\nEducaci\u00f3&hellip;  <a href=\"https:\/\/agora.xtec.cat\/ceip-agsantandreu\/portada\/entrada-primer-dia-de-classe-120917\/\" title=\"Read ENTRADA PRIMER D\u00cdA DE CLASSE (12\/09\/17)\">Llegeix m\u00e9s\u00bb<\/a><\/p>\n","protected":false},"author":1,"featured_media":0,"comment_status":"closed","ping_status":"closed","sticky":false,"template":"","format":"standard","meta":{"_bbp_topic_count":0,"_bbp_reply_count":0,"_bbp_total_topic_count":0,"_bbp_total_reply_count":0,"_bbp_voice_count":0,"_bbp_anonymous_reply_count":0,"_bbp_topic_count_hidden":0,"_bbp_reply_count_hidden":0,"_bbp_forum_subforum_count":0,"footnotes":""},"categories":[4],"tags":[],"class_list":["post-757","post","type-post","status-publish","format-standard","hentry","category-portada"],"post_mailing_queue_ids":[],"_links":{"self":[{"href":"https:\/\/agora.xtec.cat\/ceip-agsantandreu\/wp-json\/wp\/v2\/posts\/757","targetHints":{"allow":["GET"]}}],"collection":[{"href":"https:\/\/agora.xtec.cat\/ceip-agsantandreu\/wp-json\/wp\/v2\/posts"}],"about":[{"href":"https:\/\/agora.xtec.cat\/ceip-agsantandreu\/wp-json\/wp\/v2\/types\/post"}],"author":[{"embeddable":true,"href":"https:\/\/agora.xtec.cat\/ceip-agsantandreu\/wp-json\/wp\/v2\/users\/1"}],"replies":[{"embeddable":true,"href":"https:\/\/agora.xtec.cat\/ceip-agsantandreu\/wp-json\/wp\/v2\/comments?post=757"}],"version-history":[{"count":3,"href":"https:\/\/agora.xtec.cat\/ceip-agsantandreu\/wp-json\/wp\/v2\/posts\/757\/revisions"}],"predecessor-version":[{"id":763,"href":"https:\/\/agora.xtec.cat\/ceip-agsantandreu\/wp-json\/wp\/v2\/posts\/757\/revisions\/763"}],"wp:attachment":[{"href":"https:\/\/agora.xtec.cat\/ceip-agsantandreu\/wp-json\/wp\/v2\/media?parent=757"}],"wp:term":[{"taxonomy":"category","embeddable":true,"href":"https:\/\/agora.xtec.cat\/ceip-agsantandreu\/wp-json\/wp\/v2\/categories?post=757"},{"taxonomy":"post_tag","embeddable":true,"href":"https:\/\/agora.xtec.cat\/ceip-agsantandreu\/wp-json\/wp\/v2\/tags?post=757"}],"curies":[{"name":"wp","href":"https:\/\/api.w.org\/{rel}","templated":true}]}}