{"id":7534,"date":"2023-06-22T17:08:55","date_gmt":"2023-06-22T15:08:55","guid":{"rendered":"https:\/\/agora.xtec.cat\/ceip-agsantandreu\/?p=7534"},"modified":"2023-06-22T17:08:55","modified_gmt":"2023-06-22T15:08:55","slug":"comiat-de-6e-curs-2023","status":"publish","type":"post","link":"https:\/\/agora.xtec.cat\/ceip-agsantandreu\/general\/comiat-de-6e-curs-2023\/","title":{"rendered":"Comiat de 6\u00e8 &#8211; Curs 2023"},"content":{"rendered":"<div style=\"width: 1920px;\" class=\"wp-video\"><!--[if lt IE 9]><script>document.createElement('video');<\/script><![endif]-->\n<video class=\"wp-video-shortcode\" id=\"video-7534-1\" width=\"1920\" height=\"1080\" preload=\"metadata\" controls=\"controls\"><source type=\"video\/mp4\" src=\"https:\/\/agora.xtec.cat\/ceip-agsantandreu\/wp-content\/uploads\/usu37\/2023\/06\/Blue-Animated-Graduation-Celebration-Youtube-Video-Intro.mp4?_=1\" \/><a href=\"https:\/\/agora.xtec.cat\/ceip-agsantandreu\/wp-content\/uploads\/usu37\/2023\/06\/Blue-Animated-Graduation-Celebration-Youtube-Video-Intro.mp4\">https:\/\/agora.xtec.cat\/ceip-agsantandreu\/wp-content\/uploads\/usu37\/2023\/06\/Blue-Animated-Graduation-Celebration-Youtube-Video-Intro.mp4<\/a><\/video><\/div>\n<p>Avui han marxat els grans de l&#8217;escola, els nostres alumnes de 6\u00e8. Una promoci\u00f3 m\u00e9s que acaba la seva etapa a prim\u00e0ria cam\u00ed de l\u2019institut.<\/p>\n<p>L\u2019alumnat de 5\u00e8 ha dedicat una can\u00e7\u00f3 als seus companys de 6\u00e8 desitjant que els vagi b\u00e9 a secund\u00e0ria. Despr\u00e9s, els alumnes de 6\u00e8 ens han impressionat amb una coreografia xul\u00edssima que ens ha deixat bocabadats a tots els presents.<\/p>\n<p>Ha estat un mat\u00ed ple d\u2019emocions, viscudes a flor de pell.<\/p>\n<p>Una abra\u00e7ada enorme per tots els nostres alumnes!<\/p>\n<p><a href=\"https:\/\/photos.app.goo.gl\/1wHY4LG2xtCBVEuD9\" target=\"_blank\" rel=\"noopener\">Cliqueu a l&#8217;enlla\u00e7 per veure totes les fotogr\u00e0fies<\/a><\/p>\n","protected":false},"excerpt":{"rendered":"<p><a href=\"https:\/\/agora.xtec.cat\/ceip-agsantandreu\/wp-content\/uploads\/usu37\/2023\/06\/Blue-Animated-Graduation-Celebration-Youtube-Video-Intro.mp4\">https:\/\/agora.xtec.cat\/ceip-agsantandreu\/wp-content\/uploads\/usu37\/2023\/06\/Blue-Animated-Graduation-Celebration-Youtube-Video-Intro.mp4<\/a><br \/>\nAvui han marxat els grans de l&#8217;escola, els nostres alumnes de 6\u00e8. Una promoci\u00f3 m\u00e9s que acaba la seva etapa a prim\u00e0ria cam\u00ed de l\u2019institut.<br \/>\nL\u2019alumnat de 5\u00e8 ha dedicat una can\u00e7\u00f3 als seus companys de 6\u00e8 desitjant que els vagi b\u00e9 a secund\u00e0ria. Despr\u00e9s,&hellip;  <a href=\"https:\/\/agora.xtec.cat\/ceip-agsantandreu\/general\/comiat-de-6e-curs-2023\/\" title=\"Read Comiat de 6\u00e8 &#8211; Curs 2023\">Llegeix m\u00e9s\u00bb<\/a><\/p>\n","protected":false},"author":1,"featured_media":0,"comment_status":"closed","ping_status":"closed","sticky":false,"template":"","format":"standard","meta":{"_bbp_topic_count":0,"_bbp_reply_count":0,"_bbp_total_topic_count":0,"_bbp_total_reply_count":0,"_bbp_voice_count":0,"_bbp_anonymous_reply_count":0,"_bbp_topic_count_hidden":0,"_bbp_reply_count_hidden":0,"_bbp_forum_subforum_count":0,"footnotes":""},"categories":[59,1,4],"tags":[],"class_list":["post-7534","post","type-post","status-publish","format-standard","hentry","category-grans","category-general","category-portada"],"post_mailing_queue_ids":[],"_links":{"self":[{"href":"https:\/\/agora.xtec.cat\/ceip-agsantandreu\/wp-json\/wp\/v2\/posts\/7534","targetHints":{"allow":["GET"]}}],"collection":[{"href":"https:\/\/agora.xtec.cat\/ceip-agsantandreu\/wp-json\/wp\/v2\/posts"}],"about":[{"href":"https:\/\/agora.xtec.cat\/ceip-agsantandreu\/wp-json\/wp\/v2\/types\/post"}],"author":[{"embeddable":true,"href":"https:\/\/agora.xtec.cat\/ceip-agsantandreu\/wp-json\/wp\/v2\/users\/1"}],"replies":[{"embeddable":true,"href":"https:\/\/agora.xtec.cat\/ceip-agsantandreu\/wp-json\/wp\/v2\/comments?post=7534"}],"version-history":[{"count":1,"href":"https:\/\/agora.xtec.cat\/ceip-agsantandreu\/wp-json\/wp\/v2\/posts\/7534\/revisions"}],"predecessor-version":[{"id":7536,"href":"https:\/\/agora.xtec.cat\/ceip-agsantandreu\/wp-json\/wp\/v2\/posts\/7534\/revisions\/7536"}],"wp:attachment":[{"href":"https:\/\/agora.xtec.cat\/ceip-agsantandreu\/wp-json\/wp\/v2\/media?parent=7534"}],"wp:term":[{"taxonomy":"category","embeddable":true,"href":"https:\/\/agora.xtec.cat\/ceip-agsantandreu\/wp-json\/wp\/v2\/categories?post=7534"},{"taxonomy":"post_tag","embeddable":true,"href":"https:\/\/agora.xtec.cat\/ceip-agsantandreu\/wp-json\/wp\/v2\/tags?post=7534"}],"curies":[{"name":"wp","href":"https:\/\/api.w.org\/{rel}","templated":true}]}}