{"id":7486,"date":"2023-06-16T13:44:51","date_gmt":"2023-06-16T11:44:51","guid":{"rendered":"https:\/\/agora.xtec.cat\/ceip-agsantandreu\/?p=7486"},"modified":"2023-06-16T13:44:51","modified_gmt":"2023-06-16T11:44:51","slug":"sortida-al-gorg-de-la-mola","status":"publish","type":"post","link":"https:\/\/agora.xtec.cat\/ceip-agsantandreu\/general\/sortida-al-gorg-de-la-mola\/","title":{"rendered":"Sortida al Gorg de la Mola"},"content":{"rendered":"<p>Els alumnes de 5\u00e8 han anat avui al Gorg de la Mola.<\/p>\n<p>Hem realitzat un itinerari on hi ha hagut de tot! Senderisme interesant amb una ruta que convidava a mullar-se una mica els peus, mentre es filtrava la llum del sol en el bosc i el soroll de l&#8217;aigua despertava la curiositat de tots plegats.<\/p>\n<p>Hem combinat la interacci\u00f3 amb la natura i els dispositius electr\u00f2nics, ja que l&#8217;activitat s&#8217;ha fet pensant en elaborar un d\u00edptic\/tr\u00edptic d&#8217;aquest itinerari per donar a con\u00e8ixer les meravelles del nostre entorn m\u00e9s proper.<\/p>\n<p><a href=\"https:\/\/photos.app.goo.gl\/sADkz1iA5Cs5DJkw9\" target=\"_blank\" rel=\"noopener\">Aqu\u00ed us deixem unes imatges!<\/a><\/p>\n<p><a href=\"https:\/\/photos.app.goo.gl\/sADkz1iA5Cs5DJkw9\" target=\"_blank\" rel=\"noopener\"><img loading=\"lazy\" decoding=\"async\" class=\"aligncenter wp-image-7487 size-full\" src=\"https:\/\/agora.xtec.cat\/ceip-agsantandreu\/wp-content\/uploads\/usu37\/2023\/06\/WhatsApp-Image-2023-06-16-at-13.14.03.jpeg\" alt=\"\" width=\"1024\" height=\"768\" srcset=\"https:\/\/agora.xtec.cat\/ceip-agsantandreu\/wp-content\/uploads\/usu37\/2023\/06\/WhatsApp-Image-2023-06-16-at-13.14.03.jpeg 1024w, https:\/\/agora.xtec.cat\/ceip-agsantandreu\/wp-content\/uploads\/usu37\/2023\/06\/WhatsApp-Image-2023-06-16-at-13.14.03-300x225.jpeg 300w, https:\/\/agora.xtec.cat\/ceip-agsantandreu\/wp-content\/uploads\/usu37\/2023\/06\/WhatsApp-Image-2023-06-16-at-13.14.03-768x576.jpeg 768w, https:\/\/agora.xtec.cat\/ceip-agsantandreu\/wp-content\/uploads\/usu37\/2023\/06\/WhatsApp-Image-2023-06-16-at-13.14.03-200x150.jpeg 200w\" sizes=\"auto, (max-width: 1024px) 100vw, 1024px\" \/><\/a><\/p>\n<p>&nbsp;<\/p>\n<p>&nbsp;<\/p>\n","protected":false},"excerpt":{"rendered":"<p>Els alumnes de 5\u00e8 han anat avui al Gorg de la Mola.<br \/>\nHem realitzat un itinerari on hi ha hagut de tot! Senderisme interesant amb una ruta que convidava a mullar-se una mica els peus, mentre es filtrava la llum del sol en el bosc i&hellip;  <a href=\"https:\/\/agora.xtec.cat\/ceip-agsantandreu\/general\/sortida-al-gorg-de-la-mola\/\" title=\"Read Sortida al Gorg de la Mola\">Llegeix m\u00e9s\u00bb<\/a><\/p>\n","protected":false},"author":1,"featured_media":0,"comment_status":"closed","ping_status":"closed","sticky":false,"template":"","format":"standard","meta":{"_bbp_topic_count":0,"_bbp_reply_count":0,"_bbp_total_topic_count":0,"_bbp_total_reply_count":0,"_bbp_voice_count":0,"_bbp_anonymous_reply_count":0,"_bbp_topic_count_hidden":0,"_bbp_reply_count_hidden":0,"_bbp_forum_subforum_count":0,"footnotes":""},"categories":[59,1,4],"tags":[],"class_list":["post-7486","post","type-post","status-publish","format-standard","hentry","category-grans","category-general","category-portada"],"post_mailing_queue_ids":[],"_links":{"self":[{"href":"https:\/\/agora.xtec.cat\/ceip-agsantandreu\/wp-json\/wp\/v2\/posts\/7486","targetHints":{"allow":["GET"]}}],"collection":[{"href":"https:\/\/agora.xtec.cat\/ceip-agsantandreu\/wp-json\/wp\/v2\/posts"}],"about":[{"href":"https:\/\/agora.xtec.cat\/ceip-agsantandreu\/wp-json\/wp\/v2\/types\/post"}],"author":[{"embeddable":true,"href":"https:\/\/agora.xtec.cat\/ceip-agsantandreu\/wp-json\/wp\/v2\/users\/1"}],"replies":[{"embeddable":true,"href":"https:\/\/agora.xtec.cat\/ceip-agsantandreu\/wp-json\/wp\/v2\/comments?post=7486"}],"version-history":[{"count":1,"href":"https:\/\/agora.xtec.cat\/ceip-agsantandreu\/wp-json\/wp\/v2\/posts\/7486\/revisions"}],"predecessor-version":[{"id":7488,"href":"https:\/\/agora.xtec.cat\/ceip-agsantandreu\/wp-json\/wp\/v2\/posts\/7486\/revisions\/7488"}],"wp:attachment":[{"href":"https:\/\/agora.xtec.cat\/ceip-agsantandreu\/wp-json\/wp\/v2\/media?parent=7486"}],"wp:term":[{"taxonomy":"category","embeddable":true,"href":"https:\/\/agora.xtec.cat\/ceip-agsantandreu\/wp-json\/wp\/v2\/categories?post=7486"},{"taxonomy":"post_tag","embeddable":true,"href":"https:\/\/agora.xtec.cat\/ceip-agsantandreu\/wp-json\/wp\/v2\/tags?post=7486"}],"curies":[{"name":"wp","href":"https:\/\/api.w.org\/{rel}","templated":true}]}}